{"id":39878,"date":"2016-01-25T08:59:37","date_gmt":"2016-01-25T07:59:37","guid":{"rendered":"http:\/\/2horizontes.com\/?p=39878"},"modified":"2016-01-25T08:59:37","modified_gmt":"2016-01-25T07:59:37","slug":"el-terremoto-causa-danos-en-edificios-y-la-suspension-de-clases-en-melilla","status":"publish","type":"post","link":"https:\/\/2horizontes.com\/?p=39878","title":{"rendered":"El terremoto causa da\u00f1os en edificios y la suspensi\u00f3n de clases en Melilla"},"content":{"rendered":"<p>El terremoto de 6.3 grados registrado hoy en el Mar de Albor\u00e1n se ha percibido con mayor intensidad en Melilla, donde ha causado da\u00f1os en edificios y la suspensi\u00f3n de las clases en la ciudad aut\u00f3noma para evaluar el estado de los centros educativos.<\/p>\n<p>Seg\u00fan ha informado el servicio de emergencias 112 en su cuenta oficial de Twitter, de momento solo se han notificado \u00abincidencias materiales\u00bb en Melilla, y ha recomendado a la poblaci\u00f3n que mantenga la calma y haga caso \u00fanicamente a las fuentes de informaci\u00f3n oficiales debido a los numerosos rumores que han empezado a circular.<\/p>\n","protected":false},"excerpt":{"rendered":"<p>El terremoto de 6.3 grados registrado hoy en el Mar de Albor\u00e1n se ha percibido con mayor intensidad en Melilla, donde ha causado da\u00f1os en edificios y la suspensi\u00f3n de las clases en la ciudad aut\u00f3noma para evaluar el estado de los centros educativos. Seg\u00fan ha informado el servicio de emergencias 112 en su cuenta [&hellip;]<\/p>\n","protected":false},"author":3,"featured_media":39879,"comment_status":"open","ping_status":"open","sticky":false,"template":"","format":"standard","meta":{"footnotes":""},"categories":[85],"tags":[],"class_list":["post-39878","post","type-post","status-publish","format-standard","has-post-thumbnail","hentry","category-espana"],"_links":{"self":[{"href":"https:\/\/2horizontes.com\/index.php?rest_route=\/wp\/v2\/posts\/39878","targetHints":{"allow":["GET"]}}],"collection":[{"href":"https:\/\/2horizontes.com\/index.php?rest_route=\/wp\/v2\/posts"}],"about":[{"href":"https:\/\/2horizontes.com\/index.php?rest_route=\/wp\/v2\/types\/post"}],"author":[{"embeddable":true,"href":"https:\/\/2horizontes.com\/index.php?rest_route=\/wp\/v2\/users\/3"}],"replies":[{"embeddable":true,"href":"https:\/\/2horizontes.com\/index.php?rest_route=%2Fwp%2Fv2%2Fcomments&post=39878"}],"version-history":[{"count":1,"href":"https:\/\/2horizontes.com\/index.php?rest_route=\/wp\/v2\/posts\/39878\/revisions"}],"predecessor-version":[{"id":39880,"href":"https:\/\/2horizontes.com\/index.php?rest_route=\/wp\/v2\/posts\/39878\/revisions\/39880"}],"wp:featuredmedia":[{"embeddable":true,"href":"https:\/\/2horizontes.com\/index.php?rest_route=\/wp\/v2\/media\/39879"}],"wp:attachment":[{"href":"https:\/\/2horizontes.com\/index.php?rest_route=%2Fwp%2Fv2%2Fmedia&parent=39878"}],"wp:term":[{"taxonomy":"category","embeddable":true,"href":"https:\/\/2horizontes.com\/index.php?rest_route=%2Fwp%2Fv2%2Fcategories&post=39878"},{"taxonomy":"post_tag","embeddable":true,"href":"https:\/\/2horizontes.com\/index.php?rest_route=%2Fwp%2Fv2%2Ftags&post=39878"}],"curies":[{"name":"wp","href":"https:\/\/api.w.org\/{rel}","templated":true}]}}