{"id":39714,"date":"2016-01-22T17:51:44","date_gmt":"2016-01-22T16:51:44","guid":{"rendered":"http:\/\/2horizontes.com\/?p=39714"},"modified":"2016-01-22T17:51:44","modified_gmt":"2016-01-22T16:51:44","slug":"matan-a-tiros-a-un-hombre-en-colmado-santiago-rd","status":"publish","type":"post","link":"https:\/\/2horizontes.com\/?p=39714","title":{"rendered":"Matan a tiros a un hombre en colmado Santiago RD"},"content":{"rendered":"<p>RD- SANTIAGO- La lucha que libran las bandas rivales en el barrio Cerros de Papat\u00edn del sector Bella Vista, al sur de Santiago, dej\u00f3 una nueva v\u00edctima mortal durante un enfrentamiento.La v\u00edctima fue identificada como Edwar N\u00fa\u00f1ez Vargas, de 24 a\u00f1os de edad, quien presenta varios impactos de bala que le fueron ocasionados por personas hasta el momento desconocidas.<\/p>\n<p>Seg\u00fan las pesquisas, el hecho ocurri\u00f3 en momentos en que la v\u00edctima se encontraba en un colmado de esa localidad y se presentara un tal Chiquito, pr\u00f3fugo, en compa\u00f1\u00eda de otros dos individuos y sin mediar palabras le dispar\u00f3.<\/p>\n<p>Al lugar del hecho se presentaron los t\u00e9cnicos de la Polic\u00eda Cient\u00edfica, quienes colectaron como evidencias cinco casquillos calibre 9 mil\u00edmetros, un proyectil mutilado y una balanza encontrada debajo del peso del colmado.<\/p>\n<p>La Polic\u00eda inform\u00f3 que activa la localizaci\u00f3n de los involucrados. En la ciudad de Santiago, los hechos de violencia se han recrudecido en las \u00faltimas semanas.<\/p>\n","protected":false},"excerpt":{"rendered":"<p>RD- SANTIAGO- La lucha que libran las bandas rivales en el barrio Cerros de Papat\u00edn del sector Bella Vista, al sur de Santiago, dej\u00f3 una nueva v\u00edctima mortal durante un enfrentamiento.La v\u00edctima fue identificada como Edwar N\u00fa\u00f1ez Vargas, de 24 a\u00f1os de edad, quien presenta varios impactos de bala que le fueron ocasionados por personas [&hellip;]<\/p>\n","protected":false},"author":8,"featured_media":39715,"comment_status":"open","ping_status":"open","sticky":false,"template":"","format":"standard","meta":{"footnotes":""},"categories":[53,44],"tags":[],"class_list":["post-39714","post","type-post","status-publish","format-standard","has-post-thumbnail","hentry","category-provincias","category-republica-dominicana"],"_links":{"self":[{"href":"https:\/\/2horizontes.com\/index.php?rest_route=\/wp\/v2\/posts\/39714","targetHints":{"allow":["GET"]}}],"collection":[{"href":"https:\/\/2horizontes.com\/index.php?rest_route=\/wp\/v2\/posts"}],"about":[{"href":"https:\/\/2horizontes.com\/index.php?rest_route=\/wp\/v2\/types\/post"}],"author":[{"embeddable":true,"href":"https:\/\/2horizontes.com\/index.php?rest_route=\/wp\/v2\/users\/8"}],"replies":[{"embeddable":true,"href":"https:\/\/2horizontes.com\/index.php?rest_route=%2Fwp%2Fv2%2Fcomments&post=39714"}],"version-history":[{"count":1,"href":"https:\/\/2horizontes.com\/index.php?rest_route=\/wp\/v2\/posts\/39714\/revisions"}],"predecessor-version":[{"id":39716,"href":"https:\/\/2horizontes.com\/index.php?rest_route=\/wp\/v2\/posts\/39714\/revisions\/39716"}],"wp:featuredmedia":[{"embeddable":true,"href":"https:\/\/2horizontes.com\/index.php?rest_route=\/wp\/v2\/media\/39715"}],"wp:attachment":[{"href":"https:\/\/2horizontes.com\/index.php?rest_route=%2Fwp%2Fv2%2Fmedia&parent=39714"}],"wp:term":[{"taxonomy":"category","embeddable":true,"href":"https:\/\/2horizontes.com\/index.php?rest_route=%2Fwp%2Fv2%2Fcategories&post=39714"},{"taxonomy":"post_tag","embeddable":true,"href":"https:\/\/2horizontes.com\/index.php?rest_route=%2Fwp%2Fv2%2Ftags&post=39714"}],"curies":[{"name":"wp","href":"https:\/\/api.w.org\/{rel}","templated":true}]}}