{"id":39686,"date":"2016-01-22T09:28:47","date_gmt":"2016-01-22T08:28:47","guid":{"rendered":"http:\/\/2horizontes.com\/?p=39686"},"modified":"2016-01-22T09:28:47","modified_gmt":"2016-01-22T08:28:47","slug":"autoridades-de-nueva-york-recomiendan-quedarse-en-casa-por-tormen","status":"publish","type":"post","link":"https:\/\/2horizontes.com\/?p=39686","title":{"rendered":"Autoridades de Nueva York recomiendan quedarse en casa por tormen"},"content":{"rendered":"<div id=\"ArticleAuthorDiv\" class=\"article-body-author\"><b>EFE<\/b><\/div>\n<div id=\"ArticleSourceDiv\" class=\"article-body-author\"><b>Nueva York<\/b><\/div>\n<div id=\"ArticleBody\">\n<p>Las autoridades de Nueva York recomendaron hoy a los habitantes de la ciudad que se queden en casa este fin de semana ante la primera tormenta de nieve de la temporada invernal, que se espera que impacte con fuerza desde el s\u00e1bado.<\/p>\n<p>\u00abCreo que la gente se tiene que tomar esto seriamente\u00bb, afirm\u00f3 el alcalde de la ciudad, Bill de Blasio, en una rueda de prensa para dar a conocer los preparativos que se est\u00e1n realizando con el fin de hacer frente al temporal.<\/p>\n<p>Seg\u00fan el pron\u00f3stico meteorol\u00f3gico, se espera que caigan en Nueva York entre 20 y 30 cent\u00edmetros de nieve, con fuertes vientos y posibles inundaciones en la costa.<\/p>\n<p>\u00abLa gente tiene que estar en casa tanto como sea posible el s\u00e1bado y el domingo (&#8230;), y tambi\u00e9n fuera de las carreteras\u00bb, agreg\u00f3 el alcalde la ciudad, la mayor de Estados Unidos.<\/p>\n<p>De Blasio dijo que, en principio, no est\u00e1 previsto que se adopte un corte en los servicios de transporte p\u00fablico, como ocurri\u00f3 el a\u00f1o pasado, aunque la decisi\u00f3n final depende del gobernador Andrew Cuomo.<\/p>\n<p>El 27 de enero del a\u00f1o pasado Nueva York qued\u00f3 paralizado por un temporal de nieve, con el metro y los autobuses sin funcionar y disposiciones para que s\u00f3lo circularan los veh\u00edculos de emergencia.<\/p>\n<p>Esas medidas fueron consideradas como excesivas, pero De Blasio insisti\u00f3 hoy en que fueron adoptadas porque se preve\u00eda una de las peores tormentas en la historia de la ciudad, y al final perdi\u00f3 fuerza.<\/p>\n<p>Adem\u00e1s, los medios locales recordaron las rivalidades pol\u00edticas que existen entre De Blasio y Cuomo, que afloraron durante esa tormenta, lo que gener\u00f3 problemas de coordinaci\u00f3n entre la ciudad y el gobierno del estado.<\/p>\n<p>\u00abLa falta de coordinaci\u00f3n (del a\u00f1o pasado) fue un problema, pero esta vez habr\u00e1 un mont\u00f3n de coordinaci\u00f3n y comunicaci\u00f3n\u00bb, afirm\u00f3 De Blasio en su contacto con los periodistas.<\/p>\n<p>\u00abHemos aprendido muchas lecciones\u00bb, insisti\u00f3.<\/p>\n<p>De Blasio a\u00f1adi\u00f3 que, en principio, no se prohibir\u00e1 la circulaci\u00f3n de veh\u00edculos, como ocurri\u00f3 el a\u00f1o pasado, y dijo que las previsiones indican que el viernes y los lunes no se ver\u00e1n afectadas las actividades escolares.<\/p>\n<p>El pron\u00f3stico es que el temporal, que llega a Nueva York desde el suroeste, comience en la ciudad en la ma\u00f1ana del s\u00e1bado y se mantenga durante todo el domingo, aunque, como record\u00f3 De Blasio, \u00abel pron\u00f3stico puede cambiar\u00bb.<\/p>\n<p>La ciudad ha dispuesto 303.000 toneladas de sal para que sean repartidas por las calles de Nueva York y habr\u00e1 disponibles 1.650 veh\u00edculos de mantenimiento.<\/p>\n<p>De Blasio anticip\u00f3 que habr\u00e1 muchos vuelos que ser\u00e1n cancelados en Nueva York por este temporal. El a\u00f1o pasado, en las peores fechas del clima que afect\u00f3 a la ciudad a fines de enero quedaron cancelados m\u00e1s de seis mil vuelos.<\/p>\n<\/div>\n","protected":false},"excerpt":{"rendered":"<p>EFE Nueva York Las autoridades de Nueva York recomendaron hoy a los habitantes de la ciudad que se queden en casa este fin de semana ante la primera tormenta de nieve de la temporada invernal, que se espera que impacte con fuerza desde el s\u00e1bado. \u00abCreo que la gente se tiene que tomar esto seriamente\u00bb, [&hellip;]<\/p>\n","protected":false},"author":7,"featured_media":39687,"comment_status":"open","ping_status":"open","sticky":false,"template":"","format":"standard","meta":{"footnotes":""},"categories":[40],"tags":[],"class_list":["post-39686","post","type-post","status-publish","format-standard","has-post-thumbnail","hentry","category-internacionales"],"_links":{"self":[{"href":"https:\/\/2horizontes.com\/index.php?rest_route=\/wp\/v2\/posts\/39686","targetHints":{"allow":["GET"]}}],"collection":[{"href":"https:\/\/2horizontes.com\/index.php?rest_route=\/wp\/v2\/posts"}],"about":[{"href":"https:\/\/2horizontes.com\/index.php?rest_route=\/wp\/v2\/types\/post"}],"author":[{"embeddable":true,"href":"https:\/\/2horizontes.com\/index.php?rest_route=\/wp\/v2\/users\/7"}],"replies":[{"embeddable":true,"href":"https:\/\/2horizontes.com\/index.php?rest_route=%2Fwp%2Fv2%2Fcomments&post=39686"}],"version-history":[{"count":1,"href":"https:\/\/2horizontes.com\/index.php?rest_route=\/wp\/v2\/posts\/39686\/revisions"}],"predecessor-version":[{"id":39688,"href":"https:\/\/2horizontes.com\/index.php?rest_route=\/wp\/v2\/posts\/39686\/revisions\/39688"}],"wp:featuredmedia":[{"embeddable":true,"href":"https:\/\/2horizontes.com\/index.php?rest_route=\/wp\/v2\/media\/39687"}],"wp:attachment":[{"href":"https:\/\/2horizontes.com\/index.php?rest_route=%2Fwp%2Fv2%2Fmedia&parent=39686"}],"wp:term":[{"taxonomy":"category","embeddable":true,"href":"https:\/\/2horizontes.com\/index.php?rest_route=%2Fwp%2Fv2%2Fcategories&post=39686"},{"taxonomy":"post_tag","embeddable":true,"href":"https:\/\/2horizontes.com\/index.php?rest_route=%2Fwp%2Fv2%2Ftags&post=39686"}],"curies":[{"name":"wp","href":"https:\/\/api.w.org\/{rel}","templated":true}]}}