{"id":39675,"date":"2016-01-22T09:06:37","date_gmt":"2016-01-22T08:06:37","guid":{"rendered":"http:\/\/2horizontes.com\/?p=39675"},"modified":"2016-01-22T09:06:37","modified_gmt":"2016-01-22T08:06:37","slug":"los-ministros-de-asuntos-exteriores-de-norteamerica-se-reuniran-en-quebec","status":"publish","type":"post","link":"https:\/\/2horizontes.com\/?p=39675","title":{"rendered":"Los ministros de Asuntos Exteriores de Norteam\u00e9rica se reunir\u00e1n en Quebec"},"content":{"rendered":"<div id=\"ArticleAuthorDiv\" class=\"article-body-author\"><b>EFE<\/b><\/div>\n<div id=\"ArticleSourceDiv\" class=\"article-body-author\"><b>Toronto (Canad\u00e1)<\/b><\/div>\n<div id=\"ArticleBody\">\n<p>Los responsables de Asuntos Exteriores de Canad\u00e1, Estados Unidos y M\u00e9xico celebrar\u00e1n una reuni\u00f3n en la localidad canadiense de Quebec el pr\u00f3ximo 29 de enero, su primer encuentro tripartito desde enero de 2015.<\/p>\n<p>Aunque Canad\u00e1 no ha dado a conocer la agenda de la reuni\u00f3n, se espera que los jefes diplom\u00e1ticos de los tres pa\u00edses norteamericanos (el canadiense Stephane Dion, el estadounidense John Kerry y la mexicana Claudia Ruiz) discutan la celebraci\u00f3n este a\u00f1o de una cumbre de los l\u00edderes de los tres pa\u00edses.<\/p>\n<p>Dicha cumbre ten\u00eda que haberse celebrado el a\u00f1o pasado en Canad\u00e1, pero el entonces primer ministro canadiense, Stephen Harper, decidi\u00f3 suspenderla.<\/p>\n<p>El conservador Harper, que perdi\u00f3 el poder en las elecciones generales del pasado 19 de octubre, manten\u00eda conflictivas relaciones tanto con Estados Unidos como con M\u00e9xico, lo que ha sido se\u00f1alado por los analistas como la principal raz\u00f3n para la suspensi\u00f3n de la cumbre norteamericana.<\/p>\n<p>La anterior cumbre norteamericana se celebr\u00f3 en la localidad mexicana de Toluca en febrero de 2014.<\/p>\n<p>La llegada al poder del primer ministro liberal Justin Trudeau parece haber desatascado las relaciones de Canad\u00e1 con sus dos socios norteamericanos.<\/p>\n<p>Dion se\u00f1al\u00f3 en un mensaje de Twitter su inter\u00e9s en \u00abser el anfitri\u00f3n de mis colegas de Estados Unidos y M\u00e9xico\u00bb el pr\u00f3ximo 29 de enero.<\/p>\n<p>En un comunicado dado a conocer hoy, el secretario de Estado de EE.UU., John Kerry, afirm\u00f3 que los tres responsables de Asuntos Exteriores \u00abavanzar\u00e1n nuestra agenda com\u00fan en econom\u00eda, seguridad y pol\u00edtica, regional y globalmente\u00bb.<\/p>\n<p>Adem\u00e1s de la reuni\u00f3n tripartita, los ministros tienen previsto mantener encuentros bilaterales.<\/p>\n<p>La reuni\u00f3n de Quebec ser\u00e1 el primer encuentro en el que coincidir\u00e1n oficialmente Kerry, Dion y Ruiz.<\/p>\n<\/div>\n","protected":false},"excerpt":{"rendered":"<p>EFE Toronto (Canad\u00e1) Los responsables de Asuntos Exteriores de Canad\u00e1, Estados Unidos y M\u00e9xico celebrar\u00e1n una reuni\u00f3n en la localidad canadiense de Quebec el pr\u00f3ximo 29 de enero, su primer encuentro tripartito desde enero de 2015. Aunque Canad\u00e1 no ha dado a conocer la agenda de la reuni\u00f3n, se espera que los jefes diplom\u00e1ticos de [&hellip;]<\/p>\n","protected":false},"author":7,"featured_media":39676,"comment_status":"open","ping_status":"open","sticky":false,"template":"","format":"standard","meta":{"footnotes":""},"categories":[40,43],"tags":[],"class_list":["post-39675","post","type-post","status-publish","format-standard","has-post-thumbnail","hentry","category-internacionales","category-politica"],"_links":{"self":[{"href":"https:\/\/2horizontes.com\/index.php?rest_route=\/wp\/v2\/posts\/39675","targetHints":{"allow":["GET"]}}],"collection":[{"href":"https:\/\/2horizontes.com\/index.php?rest_route=\/wp\/v2\/posts"}],"about":[{"href":"https:\/\/2horizontes.com\/index.php?rest_route=\/wp\/v2\/types\/post"}],"author":[{"embeddable":true,"href":"https:\/\/2horizontes.com\/index.php?rest_route=\/wp\/v2\/users\/7"}],"replies":[{"embeddable":true,"href":"https:\/\/2horizontes.com\/index.php?rest_route=%2Fwp%2Fv2%2Fcomments&post=39675"}],"version-history":[{"count":2,"href":"https:\/\/2horizontes.com\/index.php?rest_route=\/wp\/v2\/posts\/39675\/revisions"}],"predecessor-version":[{"id":39678,"href":"https:\/\/2horizontes.com\/index.php?rest_route=\/wp\/v2\/posts\/39675\/revisions\/39678"}],"wp:featuredmedia":[{"embeddable":true,"href":"https:\/\/2horizontes.com\/index.php?rest_route=\/wp\/v2\/media\/39676"}],"wp:attachment":[{"href":"https:\/\/2horizontes.com\/index.php?rest_route=%2Fwp%2Fv2%2Fmedia&parent=39675"}],"wp:term":[{"taxonomy":"category","embeddable":true,"href":"https:\/\/2horizontes.com\/index.php?rest_route=%2Fwp%2Fv2%2Fcategories&post=39675"},{"taxonomy":"post_tag","embeddable":true,"href":"https:\/\/2horizontes.com\/index.php?rest_route=%2Fwp%2Fv2%2Ftags&post=39675"}],"curies":[{"name":"wp","href":"https:\/\/api.w.org\/{rel}","templated":true}]}}