{"id":3967,"date":"2015-04-02T15:51:20","date_gmt":"2015-04-02T15:51:20","guid":{"rendered":"http:\/\/2horizontes.com\/?p=3967"},"modified":"2015-04-02T15:52:32","modified_gmt":"2015-04-02T15:52:32","slug":"detienen-hombre-que-iba-a-vender-a-su-bebe-de-una-semana-por-5-000-euros","status":"publish","type":"post","link":"https:\/\/2horizontes.com\/?p=3967","title":{"rendered":"Detienen hombre que iba a vender a su bebe de una semana por 5.000 euros"},"content":{"rendered":"<p><a href=\"http:\/\/2horizontes.com\/wp-content\/uploads\/2015\/04\/BebeCodigoBarras.jpg\"><img loading=\"lazy\" decoding=\"async\" class=\"alignright wp-image-3968 size-full\" src=\"http:\/\/2horizontes.com\/wp-content\/uploads\/2015\/04\/BebeCodigoBarras.jpg\" alt=\"BebeCodigoBarras\" width=\"288\" height=\"216\" \/><\/a><\/p>\n<div class=\"entry-summary\">\n<p>Valencia.-La Polic\u00eda Nacional ha detenido en Valencia a un hombre que pretend\u00eda supuestamente vender a su beb\u00e9 de una semana por 5.000 euros. La madre del reci\u00e9n nacido ha sido tambi\u00e9n imputada por los hechos.<\/p>\n<\/div>\n<div class=\"tx mce\">\n<p class=\"mce\">Seg\u00fan ha informado la Jefatura Superior de Polic\u00eda en un comunicado, las investigaciones apuntan a que la pareja podr\u00eda haber tomado la decisi\u00f3n de vender a su beb\u00e9 desde el inicio e incluso la mujer se habr\u00eda quedado embarazada con ese prop\u00f3sito.<\/p>\n<p class=\"mce\">El arrestado se traslad\u00f3 a Ruman\u00eda antes del nacimiento de la ni\u00f1a para cerrar presuntamente el trato con los compradores, con quienes habr\u00eda contactado a trav\u00e9s de Internet.<\/p>\n<p class=\"mce\">La reci\u00e9n nacida, con apenas una semana de edad, fue declarada en situaci\u00f3n legal de desamparo y trasladada a un centro en el que ejercer su tutela.<\/p>\n<p class=\"mce\">Es en las inmediaciones de este centro los agentes han localizado y arrestado al padre del beb\u00e9, quien habr\u00eda regresado a Espa\u00f1a tras permanecer en Ruman\u00eda, su pa\u00eds de origen, desde el pasado mes de enero.<\/p>\n<p class=\"mce\">Al detenido, de 43 a\u00f1os, se le considera presunto responsable de un delito contra las relaciones familiares. Su pareja y madre del beb\u00e9, de 38 a\u00f1os, ha sido imputada por los mismos hechos.<\/p>\n<p class=\"mce\">La operaci\u00f3n ha sido desarrollada por agentes del Grupo de Menores del Servicio de Atenci\u00f3n a la Familia de la Brigada Provincial de Polic\u00eda Judicial de Valencia, perteneciente a la Jefatura Superior de Polic\u00eda de la Comunitat Valenciana.<\/p>\n<\/div>\n","protected":false},"excerpt":{"rendered":"<p>Valencia.-La Polic\u00eda Nacional ha detenido en Valencia a un hombre que pretend\u00eda supuestamente vender a su beb\u00e9 de una semana por 5.000 euros. La madre del reci\u00e9n nacido ha sido tambi\u00e9n imputada por los hechos. Seg\u00fan ha informado la Jefatura Superior de Polic\u00eda en un comunicado, las investigaciones apuntan a que la pareja podr\u00eda haber [&hellip;]<\/p>\n","protected":false},"author":2,"featured_media":0,"comment_status":"open","ping_status":"open","sticky":false,"template":"","format":"standard","meta":{"footnotes":""},"categories":[1],"tags":[],"class_list":["post-3967","post","type-post","status-publish","format-standard","hentry","category-entretenimiento"],"_links":{"self":[{"href":"https:\/\/2horizontes.com\/index.php?rest_route=\/wp\/v2\/posts\/3967","targetHints":{"allow":["GET"]}}],"collection":[{"href":"https:\/\/2horizontes.com\/index.php?rest_route=\/wp\/v2\/posts"}],"about":[{"href":"https:\/\/2horizontes.com\/index.php?rest_route=\/wp\/v2\/types\/post"}],"author":[{"embeddable":true,"href":"https:\/\/2horizontes.com\/index.php?rest_route=\/wp\/v2\/users\/2"}],"replies":[{"embeddable":true,"href":"https:\/\/2horizontes.com\/index.php?rest_route=%2Fwp%2Fv2%2Fcomments&post=3967"}],"version-history":[{"count":2,"href":"https:\/\/2horizontes.com\/index.php?rest_route=\/wp\/v2\/posts\/3967\/revisions"}],"predecessor-version":[{"id":3970,"href":"https:\/\/2horizontes.com\/index.php?rest_route=\/wp\/v2\/posts\/3967\/revisions\/3970"}],"wp:attachment":[{"href":"https:\/\/2horizontes.com\/index.php?rest_route=%2Fwp%2Fv2%2Fmedia&parent=3967"}],"wp:term":[{"taxonomy":"category","embeddable":true,"href":"https:\/\/2horizontes.com\/index.php?rest_route=%2Fwp%2Fv2%2Fcategories&post=3967"},{"taxonomy":"post_tag","embeddable":true,"href":"https:\/\/2horizontes.com\/index.php?rest_route=%2Fwp%2Fv2%2Ftags&post=3967"}],"curies":[{"name":"wp","href":"https:\/\/api.w.org\/{rel}","templated":true}]}}