{"id":39657,"date":"2016-01-22T08:22:06","date_gmt":"2016-01-22T07:22:06","guid":{"rendered":"http:\/\/2horizontes.com\/?p=39657"},"modified":"2016-01-22T08:42:31","modified_gmt":"2016-01-22T07:42:31","slug":"gobierno-colombiano-confirma-liberacion-de-16-guerrilleros-de-farc-indultados","status":"publish","type":"post","link":"https:\/\/2horizontes.com\/?p=39657","title":{"rendered":"Gobierno colombiano confirma liberaci\u00f3n de 16 guerrilleros de FARC indultados"},"content":{"rendered":"<div id=\"ArticleAuthorDiv\" class=\"article-body-author\"><b>EFE<\/b><\/div>\n<div id=\"ArticleSourceDiv\" class=\"article-body-author\"><b>Bogot\u00e1<\/b><\/div>\n<div id=\"ArticleBody\">\n<p>El Gobierno colombiano confirm\u00f3 ayer, por medio de la oficina del Alto Comisionado Para la Paz, que ya fueron puestos en libertad 16 de los 30 guerrilleros de las FARC indultados el pasado 22 de noviembre como gesto unilateral de confianza en los di\u00e1logos de paz.<\/p>\n<p>Nueve de los liberados salieron de la c\u00e1rcel La Picota y siete mujeres salieron de la c\u00e1rcel El Buen Pastor de Bogot\u00e1, agreg\u00f3 la informaci\u00f3n, en la que se precis\u00f3 que son 16 y no 17 como hab\u00edan informado ayer medios locales.<\/p>\n<p>\u00abEste es un primer gesto unilateral del Gobierno luego de evaluar el cumplimiento del cese unilateral por parte de las FARC, la consecuente disminuci\u00f3n de la violencia y los avances del proceso\u00bb, se\u00f1al\u00f3 la oficina del Alto Comisionado Para la Paz en un comunicado.<\/p>\n<p>Las FARC iniciaron un alto el fuego unilateral e indefinido el pasado 20 de julio que ha reducido el nivel de intensidad del conflicto armado a m\u00ednimos hist\u00f3ricos.<\/p>\n<p>Estas 16 personas, que fueron condenadas por el delito de rebeli\u00f3n, recibieron un indulto que consiste \u00aben el perd\u00f3n de las penas judicialmente impuestas\u00bb.<\/p>\n<p>En este sentido, la oficina del Alto Comisionado para la Paz se\u00f1al\u00f3 que el indulto no se bas\u00f3 en su estado de salud, sino en \u00abla naturaleza del delito por el que se encontraban en la c\u00e1rcel\u00bb.<\/p>\n<p>Asimismo, se\u00f1alaron que han tomado \u00ablas medidas necesarias para prestar los servicios de salud\u00bb a \u00ablas personas que as\u00ed lo han requerido\u00bb.<\/p>\n<p>\u00abEstas personas tendr\u00e1n que comprometerse a no regresar a las filas de las FARC y, en esa medida, a contribuir a la construcci\u00f3n de la paz\u00bb, agreg\u00f3 la informaci\u00f3n.<\/p>\n<p>Por ello, no deben reincidir en el delito de rebeli\u00f3n, deben comenzar su proceso de reincorporaci\u00f3n a la vida civil y \u00abconvertirse en promotores de los acuerdos alcanzados\u00bb en los di\u00e1logos de paz que se desarrollan desde hace m\u00e1s de tres a\u00f1os en La Habana entre el Gobierno y las FARC.<\/p>\n<p>El Gobierno ha autorizado para que viajen a Cuba cuatro de los indultados: Elky Javier Caballero Rodr\u00edguez, Carlos Antonio Ochoa Orjuela, Sandra Patricia Isaza Rinc\u00f3n y Gloria \u00c1lvarez Mestizo.<\/p>\n<p>Esos cuatro presos liberados acudir\u00e1n como \u00abciudadanos autorizados formalmente por el Gobierno Nacional para recibir informaci\u00f3n del contenido de los acuerdos alcanzados como preparaci\u00f3n para su trabajo de pedagog\u00eda y difusi\u00f3n de los acuerdos, en su condici\u00f3n de constructores y promotores de paz\u00bb.<\/p>\n<p>El resto de indultados regresar\u00e1n a sus ciudades y al seno de sus familias con el apoyo de la Agencia Colombiana para la Reintegraci\u00f3n (ACR).<\/p>\n<p>La puesta en libertad de los guerrilleros se hab\u00eda convertido en un elemento de tensi\u00f3n en la mesa de di\u00e1logos de La Habana, donde el Gobierno colombiano y las Fuerzas Armadas Revolucionarias de Colombia (FARC) negocian desde hace m\u00e1s de tres a\u00f1os el fin del conflicto armado.<\/p>\n<\/div>\n","protected":false},"excerpt":{"rendered":"<p>EFE Bogot\u00e1 El Gobierno colombiano confirm\u00f3 ayer, por medio de la oficina del Alto Comisionado Para la Paz, que ya fueron puestos en libertad 16 de los 30 guerrilleros de las FARC indultados el pasado 22 de noviembre como gesto unilateral de confianza en los di\u00e1logos de paz. Nueve de los liberados salieron de la [&hellip;]<\/p>\n","protected":false},"author":7,"featured_media":39668,"comment_status":"open","ping_status":"open","sticky":false,"template":"","format":"standard","meta":{"footnotes":""},"categories":[50,40,43],"tags":[],"class_list":["post-39657","post","type-post","status-publish","format-standard","has-post-thumbnail","hentry","category-colombia","category-internacionales","category-politica"],"_links":{"self":[{"href":"https:\/\/2horizontes.com\/index.php?rest_route=\/wp\/v2\/posts\/39657","targetHints":{"allow":["GET"]}}],"collection":[{"href":"https:\/\/2horizontes.com\/index.php?rest_route=\/wp\/v2\/posts"}],"about":[{"href":"https:\/\/2horizontes.com\/index.php?rest_route=\/wp\/v2\/types\/post"}],"author":[{"embeddable":true,"href":"https:\/\/2horizontes.com\/index.php?rest_route=\/wp\/v2\/users\/7"}],"replies":[{"embeddable":true,"href":"https:\/\/2horizontes.com\/index.php?rest_route=%2Fwp%2Fv2%2Fcomments&post=39657"}],"version-history":[{"count":1,"href":"https:\/\/2horizontes.com\/index.php?rest_route=\/wp\/v2\/posts\/39657\/revisions"}],"predecessor-version":[{"id":39659,"href":"https:\/\/2horizontes.com\/index.php?rest_route=\/wp\/v2\/posts\/39657\/revisions\/39659"}],"wp:featuredmedia":[{"embeddable":true,"href":"https:\/\/2horizontes.com\/index.php?rest_route=\/wp\/v2\/media\/39668"}],"wp:attachment":[{"href":"https:\/\/2horizontes.com\/index.php?rest_route=%2Fwp%2Fv2%2Fmedia&parent=39657"}],"wp:term":[{"taxonomy":"category","embeddable":true,"href":"https:\/\/2horizontes.com\/index.php?rest_route=%2Fwp%2Fv2%2Fcategories&post=39657"},{"taxonomy":"post_tag","embeddable":true,"href":"https:\/\/2horizontes.com\/index.php?rest_route=%2Fwp%2Fv2%2Ftags&post=39657"}],"curies":[{"name":"wp","href":"https:\/\/api.w.org\/{rel}","templated":true}]}}