{"id":39646,"date":"2016-01-21T17:26:00","date_gmt":"2016-01-21T16:26:00","guid":{"rendered":"http:\/\/2horizontes.com\/?p=39646"},"modified":"2016-01-21T17:27:12","modified_gmt":"2016-01-21T16:27:12","slug":"39646-2","status":"publish","type":"post","link":"https:\/\/2horizontes.com\/?p=39646","title":{"rendered":"El viaje de Carmena a Chile e Uruguay ha costado 2.732,92 euros"},"content":{"rendered":"<p>La portavoz del Ayuntamiento de Madrid, Rita Maestre, ha cifrado hoy en 2.732,93 euros el coste del viaje oficial que esta semana realiza la alcaldesa de Madrid Manuela Carmena a Chile e Uruguay.<\/p>\n<p>En rueda de prensa tras la reuni\u00f3n de la Junta de Gobierno de la ciudad, Maestre ha indicado que ese es el gasto contabilizado del viaje y ha considerado que no cree vaya a haber m\u00e1s.<\/p>\n<p>Maestre ha defendido el rol de representaci\u00f3n de la alcaldesa y ha recordado que su viaje no es de ocio, sino de representaci\u00f3n institucional, tras preguntas sobre la ausencia ma\u00f1ana de Carmena en la celebraci\u00f3n del D\u00eda de Madrid de la feria de turismo FITUR.<\/p>\n<p>La portavoz ha recalcado que Carmena es \u00abla mejor embajadora de Madrid\u00bb y ser\u00e1 recibida por los presidentes de los pa\u00edses a los que ha viajado.<\/p>\n<p>Adem\u00e1s, ha precisado que, en ausencia de Carmena, ha existido representaci\u00f3n permanente municipal a trav\u00e9s de la alcaldesa en funciones Marta Higueras y de diferentes delegados que han acudido a la feria.<\/p>\n","protected":false},"excerpt":{"rendered":"<p>La portavoz del Ayuntamiento de Madrid, Rita Maestre, ha cifrado hoy en 2.732,93 euros el coste del viaje oficial que esta semana realiza la alcaldesa de Madrid Manuela Carmena a Chile e Uruguay. En rueda de prensa tras la reuni\u00f3n de la Junta de Gobierno de la ciudad, Maestre ha indicado que ese es el [&hellip;]<\/p>\n","protected":false},"author":3,"featured_media":39647,"comment_status":"open","ping_status":"open","sticky":false,"template":"","format":"standard","meta":{"footnotes":""},"categories":[85,43],"tags":[],"class_list":["post-39646","post","type-post","status-publish","format-standard","has-post-thumbnail","hentry","category-espana","category-politica"],"_links":{"self":[{"href":"https:\/\/2horizontes.com\/index.php?rest_route=\/wp\/v2\/posts\/39646","targetHints":{"allow":["GET"]}}],"collection":[{"href":"https:\/\/2horizontes.com\/index.php?rest_route=\/wp\/v2\/posts"}],"about":[{"href":"https:\/\/2horizontes.com\/index.php?rest_route=\/wp\/v2\/types\/post"}],"author":[{"embeddable":true,"href":"https:\/\/2horizontes.com\/index.php?rest_route=\/wp\/v2\/users\/3"}],"replies":[{"embeddable":true,"href":"https:\/\/2horizontes.com\/index.php?rest_route=%2Fwp%2Fv2%2Fcomments&post=39646"}],"version-history":[{"count":2,"href":"https:\/\/2horizontes.com\/index.php?rest_route=\/wp\/v2\/posts\/39646\/revisions"}],"predecessor-version":[{"id":39649,"href":"https:\/\/2horizontes.com\/index.php?rest_route=\/wp\/v2\/posts\/39646\/revisions\/39649"}],"wp:featuredmedia":[{"embeddable":true,"href":"https:\/\/2horizontes.com\/index.php?rest_route=\/wp\/v2\/media\/39647"}],"wp:attachment":[{"href":"https:\/\/2horizontes.com\/index.php?rest_route=%2Fwp%2Fv2%2Fmedia&parent=39646"}],"wp:term":[{"taxonomy":"category","embeddable":true,"href":"https:\/\/2horizontes.com\/index.php?rest_route=%2Fwp%2Fv2%2Fcategories&post=39646"},{"taxonomy":"post_tag","embeddable":true,"href":"https:\/\/2horizontes.com\/index.php?rest_route=%2Fwp%2Fv2%2Ftags&post=39646"}],"curies":[{"name":"wp","href":"https:\/\/api.w.org\/{rel}","templated":true}]}}