{"id":39626,"date":"2016-01-21T15:55:31","date_gmt":"2016-01-21T14:55:31","guid":{"rendered":"http:\/\/2horizontes.com\/?p=39626"},"modified":"2016-01-21T15:55:31","modified_gmt":"2016-01-21T14:55:31","slug":"el-papa-introduce-cambios-en-la-celebracion-del-jueves-santo-para-que-se-laven-los-pies-tambien-a-mujeres","status":"publish","type":"post","link":"https:\/\/2horizontes.com\/?p=39626","title":{"rendered":"El Papa introduce cambios en la celebraci\u00f3n del Jueves Santo para que se laven los pies tambi\u00e9n a mujeres"},"content":{"rendered":"<p>En 2013, reci\u00e9n elegido, el papa Francisco fue el primer Pont\u00edfice que no ofici\u00f3 la misa del Jueves Santo en la bas\u00edlica de san Juan de Letr\u00e1n, la catedral de Roma. Lav\u00f3 los pies a doce reclusos en un centro de menores, entre ellos hab\u00eda dos mujeres, una cristiana y otra musulmana.<\/p>\n<p>Un a\u00f1o despu\u00e9s hizo lo propio en un hospital y el a\u00f1o pasado volvi\u00f3 a celebrar el oficio en una iglesia de Roma con doce reclusos, doce hombres y doce mujeres.<\/p>\n<p>El Papa ha introducido cambios en el misal para que no s\u00f3lo se celebre con hombres el lavatorio de pies, que emula lo que hizo Jesucristo en la \u00faltima cena con sus doce ap\u00f3stoles. All\u00ed donde pon\u00eda que los \u201chombres\u201d, en el libro que se utiliza durante al celebraci\u00f3n de la misa, pondr\u00e1 \u201clos elegidos del pueblo de Dios\u201d, sin hacer distinci\u00f3n de g\u00e9nero, recoge.<\/p>\n<p>En una carta enviada al prefecto de la Congregaci\u00f3n para el Culto Divino, Robert Sarah, Francisco explica que no deber\u00e1n ser elegidos s\u00f3lo hombres o chicos para que se laven los pies en este rito y \u201cpueda elegirse como participantes todos los miembros del Pueblo de Dios\u201d, es decir tambi\u00e9n mujeres o chicas.<\/p>\n<p>Francisco a\u00f1ade en el texto con fecha del 20 de diciembre pero hecho p\u00fablico que as\u00ed se expresa \u201cplenamente el significado del gesto realizado por Jes\u00fas en el Cen\u00e1culo, el donarse hasta el final para salvar al mundo, su caridad sin fronteras\u201d. En este cambio al \u201cmisal romano\u201d de este d\u00eda, Francisco recomienda que sea dada a los fieles \u201cuna adecuada explicaci\u00f3n sobre el significado de este rito\u201d.<\/p>\n<p>El Vaticano tambi\u00e9n public\u00f3 el documento de la Congregaci\u00f3n para el Culto Divino del pasado 6 de enero con el que entran en vigor estos cambios requeridos por el pont\u00edfice para que en este rito est\u00e9 representada \u201ccada parte del pueblo de Dios\u201d y puedan participar \u201chombres, mujeres, j\u00f3venes, ancianos, sanos, enfermos, consagrados y laicos\u201d.<\/p>\n","protected":false},"excerpt":{"rendered":"<p>En 2013, reci\u00e9n elegido, el papa Francisco fue el primer Pont\u00edfice que no ofici\u00f3 la misa del Jueves Santo en la bas\u00edlica de san Juan de Letr\u00e1n, la catedral de Roma. Lav\u00f3 los pies a doce reclusos en un centro de menores, entre ellos hab\u00eda dos mujeres, una cristiana y otra musulmana. Un a\u00f1o despu\u00e9s [&hellip;]<\/p>\n","protected":false},"author":3,"featured_media":39627,"comment_status":"open","ping_status":"open","sticky":false,"template":"","format":"standard","meta":{"footnotes":""},"categories":[40],"tags":[],"class_list":["post-39626","post","type-post","status-publish","format-standard","has-post-thumbnail","hentry","category-internacionales"],"_links":{"self":[{"href":"https:\/\/2horizontes.com\/index.php?rest_route=\/wp\/v2\/posts\/39626","targetHints":{"allow":["GET"]}}],"collection":[{"href":"https:\/\/2horizontes.com\/index.php?rest_route=\/wp\/v2\/posts"}],"about":[{"href":"https:\/\/2horizontes.com\/index.php?rest_route=\/wp\/v2\/types\/post"}],"author":[{"embeddable":true,"href":"https:\/\/2horizontes.com\/index.php?rest_route=\/wp\/v2\/users\/3"}],"replies":[{"embeddable":true,"href":"https:\/\/2horizontes.com\/index.php?rest_route=%2Fwp%2Fv2%2Fcomments&post=39626"}],"version-history":[{"count":1,"href":"https:\/\/2horizontes.com\/index.php?rest_route=\/wp\/v2\/posts\/39626\/revisions"}],"predecessor-version":[{"id":39628,"href":"https:\/\/2horizontes.com\/index.php?rest_route=\/wp\/v2\/posts\/39626\/revisions\/39628"}],"wp:featuredmedia":[{"embeddable":true,"href":"https:\/\/2horizontes.com\/index.php?rest_route=\/wp\/v2\/media\/39627"}],"wp:attachment":[{"href":"https:\/\/2horizontes.com\/index.php?rest_route=%2Fwp%2Fv2%2Fmedia&parent=39626"}],"wp:term":[{"taxonomy":"category","embeddable":true,"href":"https:\/\/2horizontes.com\/index.php?rest_route=%2Fwp%2Fv2%2Fcategories&post=39626"},{"taxonomy":"post_tag","embeddable":true,"href":"https:\/\/2horizontes.com\/index.php?rest_route=%2Fwp%2Fv2%2Ftags&post=39626"}],"curies":[{"name":"wp","href":"https:\/\/api.w.org\/{rel}","templated":true}]}}