{"id":39608,"date":"2016-01-20T18:00:44","date_gmt":"2016-01-20T17:00:44","guid":{"rendered":"http:\/\/2horizontes.com\/?p=39608"},"modified":"2016-01-20T18:00:44","modified_gmt":"2016-01-20T17:00:44","slug":"el-actor-paco-leon-sale-del-armario-como-bisexual","status":"publish","type":"post","link":"https:\/\/2horizontes.com\/?p=39608","title":{"rendered":"El actor Paco Le\u00f3n sale del armario como bisexual"},"content":{"rendered":"<p>Tenemos una noticia que puede ser una de las m\u00e1s llamativas de todo el a\u00f1o. El actor Paco Le\u00f3n estar\u00e1 en el programa de Bert\u00edn Osborne ma\u00f1ana mi\u00e9rcoles en TVE1 hablando de muchos detalles de su vida profesional y tambi\u00e9n personal.<\/p>\n<p>Para aquel que no conozca la producci\u00f3n de la que hablamos, nos estamos refiriendo a \u00abEn la tuya o en la m\u00eda\u00bb, un espacio que re\u00fane a determinados personajes del mundo del espect\u00e1culo d\u00f3nde se les entrevista haci\u00e9ndole preguntas.<\/p>\n<p>El programa de ma\u00f1ana tendr\u00e1 como invitado protagonista al actor Paco Le\u00f3n del que imaginamos, no necesitamos hacer una presentaci\u00f3n para que se sepa de qui\u00e9n hablamos. El showman que alcanz\u00f3 la fama en la televisi\u00f3n con la serie \u00abA\u00edda\u00bb ha querido liberarse y contestar algunas preguntas.<\/p>\n<p>Una de las que m\u00e1s ha causado emoci\u00f3n ha sido la naturalidad con la que Paco ha hablado de su bisexualidad en el avance. Asegura que cuando conoci\u00f3 a su mujer (madre de su \u00fanica hija) \u00e9l ten\u00eda novio y de esta forma destapa un rumor que se ha estado comentando por todos los medios posibles.<\/p>\n<p>No obstante, es interesante comentar que Paco no solo hablar\u00e1 de su sexualidad sino de todos los proyectos que se le avecinan este 2016, de c\u00f3mo est\u00e1 llevando el \u00e9xito y la fama y tambi\u00e9n de algunos recuerdos de toda la carrera que ha estado forjando a base de mucho trabajo y esfuerzo.<\/p>\n<p>Os recordamos esta entrevista que le hicimos para Magayzine a prop\u00f3sito del rodaje de su pel\u00edcula \u00abKiki\u00bb.<\/p>\n","protected":false},"excerpt":{"rendered":"<p>Tenemos una noticia que puede ser una de las m\u00e1s llamativas de todo el a\u00f1o. El actor Paco Le\u00f3n estar\u00e1 en el programa de Bert\u00edn Osborne ma\u00f1ana mi\u00e9rcoles en TVE1 hablando de muchos detalles de su vida profesional y tambi\u00e9n personal. Para aquel que no conozca la producci\u00f3n de la que hablamos, nos estamos refiriendo [&hellip;]<\/p>\n","protected":false},"author":3,"featured_media":39609,"comment_status":"open","ping_status":"open","sticky":false,"template":"","format":"standard","meta":{"footnotes":""},"categories":[85,57],"tags":[],"class_list":["post-39608","post","type-post","status-publish","format-standard","has-post-thumbnail","hentry","category-espana","category-mundo-gay"],"_links":{"self":[{"href":"https:\/\/2horizontes.com\/index.php?rest_route=\/wp\/v2\/posts\/39608","targetHints":{"allow":["GET"]}}],"collection":[{"href":"https:\/\/2horizontes.com\/index.php?rest_route=\/wp\/v2\/posts"}],"about":[{"href":"https:\/\/2horizontes.com\/index.php?rest_route=\/wp\/v2\/types\/post"}],"author":[{"embeddable":true,"href":"https:\/\/2horizontes.com\/index.php?rest_route=\/wp\/v2\/users\/3"}],"replies":[{"embeddable":true,"href":"https:\/\/2horizontes.com\/index.php?rest_route=%2Fwp%2Fv2%2Fcomments&post=39608"}],"version-history":[{"count":1,"href":"https:\/\/2horizontes.com\/index.php?rest_route=\/wp\/v2\/posts\/39608\/revisions"}],"predecessor-version":[{"id":39610,"href":"https:\/\/2horizontes.com\/index.php?rest_route=\/wp\/v2\/posts\/39608\/revisions\/39610"}],"wp:featuredmedia":[{"embeddable":true,"href":"https:\/\/2horizontes.com\/index.php?rest_route=\/wp\/v2\/media\/39609"}],"wp:attachment":[{"href":"https:\/\/2horizontes.com\/index.php?rest_route=%2Fwp%2Fv2%2Fmedia&parent=39608"}],"wp:term":[{"taxonomy":"category","embeddable":true,"href":"https:\/\/2horizontes.com\/index.php?rest_route=%2Fwp%2Fv2%2Fcategories&post=39608"},{"taxonomy":"post_tag","embeddable":true,"href":"https:\/\/2horizontes.com\/index.php?rest_route=%2Fwp%2Fv2%2Ftags&post=39608"}],"curies":[{"name":"wp","href":"https:\/\/api.w.org\/{rel}","templated":true}]}}