{"id":39600,"date":"2016-01-20T17:52:58","date_gmt":"2016-01-20T16:52:58","guid":{"rendered":"http:\/\/2horizontes.com\/?p=39600"},"modified":"2016-01-20T17:52:58","modified_gmt":"2016-01-20T16:52:58","slug":"imputado-un-taxista-que-condujo-ebrio-en-sentido-contrario-2-km-por-la-a-42","status":"publish","type":"post","link":"https:\/\/2horizontes.com\/?p=39600","title":{"rendered":"Imputado un taxista que condujo ebrio en sentido contrario 2 km por la A-42"},"content":{"rendered":"<p>La Guardia Civil ha imputado dos delitos contra la seguridad del tr\u00e1fico a un taxista que condujo ebrio y en sentido contrario durante dos kil\u00f3metros por la carretera A-42 (Madrid-Toledo) en la noche del domingo 17 de enero.<\/p>\n<p>Fuentes judiciales y de la Guardia Civil han informado a Efe de que el conductor, de 50 a\u00f1os, no fue detenido, pero est\u00e1 acusado de un delito por conducci\u00f3n \u00abmanifiestamente temeraria\u00bb al circular en sentido contrario y de otro por conducir bajo los efectos del alcohol, pues dio positivo en la prueba de alcoholemia.<\/p>\n<p>Los hechos ocurrieron pasadas las once de la noche del domingo en el kil\u00f3metro 7 de la citada autov\u00eda y se saldaron con un choque frontal del taxi contra un turismo Opel Astra, cuyo conductor, de 38 a\u00f1os, sufri\u00f3 heridas leves.<\/p>\n<p>El taxista, por su parte, sali\u00f3 ileso del golpe y no fue detenido, aunque la Guardia Civil le imputa los citados delitos y remitir\u00e1 el atestado al Juzgado de Primera Instancia e Instrucci\u00f3n n\u00famero 7 de Legan\u00e9s.<\/p>\n<p>Varios medios de comunicaci\u00f3n han publicado un v\u00eddeo grabado grabado por dos operarios de limpieza que circulaban en el mismo sentido que el taxista, en su caso por los carriles adecuados, y se pusieron a su altura para pedirle a gritos que se detuviera.<\/p>\n","protected":false},"excerpt":{"rendered":"<p>La Guardia Civil ha imputado dos delitos contra la seguridad del tr\u00e1fico a un taxista que condujo ebrio y en sentido contrario durante dos kil\u00f3metros por la carretera A-42 (Madrid-Toledo) en la noche del domingo 17 de enero. Fuentes judiciales y de la Guardia Civil han informado a Efe de que el conductor, de 50 [&hellip;]<\/p>\n","protected":false},"author":3,"featured_media":39602,"comment_status":"open","ping_status":"open","sticky":false,"template":"","format":"standard","meta":{"footnotes":""},"categories":[85],"tags":[],"class_list":["post-39600","post","type-post","status-publish","format-standard","has-post-thumbnail","hentry","category-espana"],"_links":{"self":[{"href":"https:\/\/2horizontes.com\/index.php?rest_route=\/wp\/v2\/posts\/39600","targetHints":{"allow":["GET"]}}],"collection":[{"href":"https:\/\/2horizontes.com\/index.php?rest_route=\/wp\/v2\/posts"}],"about":[{"href":"https:\/\/2horizontes.com\/index.php?rest_route=\/wp\/v2\/types\/post"}],"author":[{"embeddable":true,"href":"https:\/\/2horizontes.com\/index.php?rest_route=\/wp\/v2\/users\/3"}],"replies":[{"embeddable":true,"href":"https:\/\/2horizontes.com\/index.php?rest_route=%2Fwp%2Fv2%2Fcomments&post=39600"}],"version-history":[{"count":1,"href":"https:\/\/2horizontes.com\/index.php?rest_route=\/wp\/v2\/posts\/39600\/revisions"}],"predecessor-version":[{"id":39603,"href":"https:\/\/2horizontes.com\/index.php?rest_route=\/wp\/v2\/posts\/39600\/revisions\/39603"}],"wp:featuredmedia":[{"embeddable":true,"href":"https:\/\/2horizontes.com\/index.php?rest_route=\/wp\/v2\/media\/39602"}],"wp:attachment":[{"href":"https:\/\/2horizontes.com\/index.php?rest_route=%2Fwp%2Fv2%2Fmedia&parent=39600"}],"wp:term":[{"taxonomy":"category","embeddable":true,"href":"https:\/\/2horizontes.com\/index.php?rest_route=%2Fwp%2Fv2%2Fcategories&post=39600"},{"taxonomy":"post_tag","embeddable":true,"href":"https:\/\/2horizontes.com\/index.php?rest_route=%2Fwp%2Fv2%2Ftags&post=39600"}],"curies":[{"name":"wp","href":"https:\/\/api.w.org\/{rel}","templated":true}]}}