{"id":39563,"date":"2016-01-20T12:05:35","date_gmt":"2016-01-20T11:05:35","guid":{"rendered":"http:\/\/2horizontes.com\/?p=39563"},"modified":"2016-01-20T12:05:35","modified_gmt":"2016-01-20T11:05:35","slug":"detenido-en-coslada-un-hombre-acusado-de-matar-a-un-joven-en-la-canada-real-2","status":"publish","type":"post","link":"https:\/\/2horizontes.com\/?p=39563","title":{"rendered":"Detenido en Coslada un hombre acusado de matar a un joven en la Ca\u00f1ada Real"},"content":{"rendered":"<p>La Polic\u00eda Nacional detuvo la semana pasada a un hombre acusado de matar a un joven de 28 a\u00f1os el pasado lunes en la Ca\u00f1ada Real, seg\u00fan han informado fuentes de la Jefatura Superior de Polic\u00eda de Madrid.<\/p>\n<p>Seg\u00fan ha adelantado el diario &#8216;El Mundo&#8217;, el presunto autor es Emilio S. N., de 41 a\u00f1os, y ya se encuentra en prisi\u00f3n. El sospechoso fue localizado en un parque cercano a la zona de la Avenida de Lisboa de Coslada, pero cuando se acercaron los polic\u00edas dispar\u00f3 dos veces sin herir a nadie y huy\u00f3.<\/p>\n<p>D\u00edas despu\u00e9s, un agente de la Polic\u00eda Nacional de Coslada fuera de servicio lo identific\u00f3 en un sem\u00e1foro en la localidad, lo sigui\u00f3, avis\u00f3 a sus compa\u00f1eros y fue detenido.<\/p>\n","protected":false},"excerpt":{"rendered":"<p>La Polic\u00eda Nacional detuvo la semana pasada a un hombre acusado de matar a un joven de 28 a\u00f1os el pasado lunes en la Ca\u00f1ada Real, seg\u00fan han informado fuentes de la Jefatura Superior de Polic\u00eda de Madrid. Seg\u00fan ha adelantado el diario &#8216;El Mundo&#8217;, el presunto autor es Emilio S. N., de 41 a\u00f1os, [&hellip;]<\/p>\n","protected":false},"author":3,"featured_media":39564,"comment_status":"open","ping_status":"open","sticky":false,"template":"","format":"standard","meta":{"footnotes":""},"categories":[85],"tags":[],"class_list":["post-39563","post","type-post","status-publish","format-standard","has-post-thumbnail","hentry","category-espana"],"_links":{"self":[{"href":"https:\/\/2horizontes.com\/index.php?rest_route=\/wp\/v2\/posts\/39563","targetHints":{"allow":["GET"]}}],"collection":[{"href":"https:\/\/2horizontes.com\/index.php?rest_route=\/wp\/v2\/posts"}],"about":[{"href":"https:\/\/2horizontes.com\/index.php?rest_route=\/wp\/v2\/types\/post"}],"author":[{"embeddable":true,"href":"https:\/\/2horizontes.com\/index.php?rest_route=\/wp\/v2\/users\/3"}],"replies":[{"embeddable":true,"href":"https:\/\/2horizontes.com\/index.php?rest_route=%2Fwp%2Fv2%2Fcomments&post=39563"}],"version-history":[{"count":1,"href":"https:\/\/2horizontes.com\/index.php?rest_route=\/wp\/v2\/posts\/39563\/revisions"}],"predecessor-version":[{"id":39565,"href":"https:\/\/2horizontes.com\/index.php?rest_route=\/wp\/v2\/posts\/39563\/revisions\/39565"}],"wp:featuredmedia":[{"embeddable":true,"href":"https:\/\/2horizontes.com\/index.php?rest_route=\/wp\/v2\/media\/39564"}],"wp:attachment":[{"href":"https:\/\/2horizontes.com\/index.php?rest_route=%2Fwp%2Fv2%2Fmedia&parent=39563"}],"wp:term":[{"taxonomy":"category","embeddable":true,"href":"https:\/\/2horizontes.com\/index.php?rest_route=%2Fwp%2Fv2%2Fcategories&post=39563"},{"taxonomy":"post_tag","embeddable":true,"href":"https:\/\/2horizontes.com\/index.php?rest_route=%2Fwp%2Fv2%2Ftags&post=39563"}],"curies":[{"name":"wp","href":"https:\/\/api.w.org\/{rel}","templated":true}]}}