{"id":39505,"date":"2016-01-20T02:20:54","date_gmt":"2016-01-20T01:20:54","guid":{"rendered":"http:\/\/2horizontes.com\/?p=39505"},"modified":"2016-01-20T02:20:54","modified_gmt":"2016-01-20T01:20:54","slug":"mujeres-anonimas-protestan-frente-al-palacio-nacional-contra-los-feminicidios-rd","status":"publish","type":"post","link":"https:\/\/2horizontes.com\/?p=39505","title":{"rendered":"Mujeres \u201cAn\u00f3nimas\u201d protestan frente al Palacio Nacional contra los feminicidios RD"},"content":{"rendered":"<p>RD-SANTO DOMINGO, Rep\u00fablica Dominicana.- Representantes de organizaciones de mujeres bajo el s\u00edmbolo de \u201cAn\u00f3nimas\u201d se manifestaron este martes frente al Palacio Nacional, en contra del creciente n\u00famero de feminicidios.<\/p>\n<p>Tras una espera de casi media hora en la recepci\u00f3n de la Casa de Gobierno, se marcharon porque ning\u00fan funcionario recibi\u00f3 un documento que llevaron dirigido al presidente Danilo Medina alert\u00e1ndole sobre la situaci\u00f3n.<\/p>\n<p>Sergia Galv\u00e1n,\u00a0 hablando a nombre del grupo, dijo que esa es una muestra\u00a0 del poco inter\u00e9s de las autoridades frente a la violencia y a los problemas que afectan a las mujeres.<\/p>\n<p>Mostr\u00f3 preocupaci\u00f3n, indignaci\u00f3n y postura de alerta frente a la falta de respuesta efectiva del Estado dominicano para hacer frente a la violencia contra las mujeres.<\/p>\n<p>\u201cLas mujeres dominicanas siguen estando sujetas a m\u00faltiples formas de desigualdad y discriminaci\u00f3n, que se expresan en mayor desempleo, precariedad y discriminaci\u00f3n laboral; inaceptables cifras de muertes maternas\u201d, expuso.<\/p>\n<p>Tambi\u00e9n negaci\u00f3n del ejercicio de los derechos sexuales y los derechos reproductivos y limitado acceso y control a la propiedad de las tierras y las viviendas, entre otros graves problemas.<\/p>\n<p>Dijo que uno de los principales obst\u00e1culos que enfrentan las mujeres dominicanas para el logro de la igualdad social y el ejercicio pleno de sus derechos es la violencia de g\u00e9nero en sus distintas formas.<\/p>\n<p>Sostuvo que esa situaci\u00f3n tiene su expresi\u00f3n m\u00e1s tr\u00e1gica en los feminicidios, ubicando a la Rep\u00fablica Dominicana en tercer lugar en la regi\u00f3n en violencia femenina.<\/p>\n<p>Se\u00f1al\u00f3 que datos preliminares de la Procuradur\u00eda General de la Rep\u00fablica muestran que en el 2015 fueron asesinadas 144 mujeres, 77 a mano de parejas y ex parejas y se recibieron 67,187 denuncias.<\/p>\n","protected":false},"excerpt":{"rendered":"<p>RD-SANTO DOMINGO, Rep\u00fablica Dominicana.- Representantes de organizaciones de mujeres bajo el s\u00edmbolo de \u201cAn\u00f3nimas\u201d se manifestaron este martes frente al Palacio Nacional, en contra del creciente n\u00famero de feminicidios. Tras una espera de casi media hora en la recepci\u00f3n de la Casa de Gobierno, se marcharon porque ning\u00fan funcionario recibi\u00f3 un documento que llevaron dirigido [&hellip;]<\/p>\n","protected":false},"author":8,"featured_media":39506,"comment_status":"open","ping_status":"open","sticky":false,"template":"","format":"standard","meta":{"footnotes":""},"categories":[44],"tags":[],"class_list":["post-39505","post","type-post","status-publish","format-standard","has-post-thumbnail","hentry","category-republica-dominicana"],"_links":{"self":[{"href":"https:\/\/2horizontes.com\/index.php?rest_route=\/wp\/v2\/posts\/39505","targetHints":{"allow":["GET"]}}],"collection":[{"href":"https:\/\/2horizontes.com\/index.php?rest_route=\/wp\/v2\/posts"}],"about":[{"href":"https:\/\/2horizontes.com\/index.php?rest_route=\/wp\/v2\/types\/post"}],"author":[{"embeddable":true,"href":"https:\/\/2horizontes.com\/index.php?rest_route=\/wp\/v2\/users\/8"}],"replies":[{"embeddable":true,"href":"https:\/\/2horizontes.com\/index.php?rest_route=%2Fwp%2Fv2%2Fcomments&post=39505"}],"version-history":[{"count":1,"href":"https:\/\/2horizontes.com\/index.php?rest_route=\/wp\/v2\/posts\/39505\/revisions"}],"predecessor-version":[{"id":39507,"href":"https:\/\/2horizontes.com\/index.php?rest_route=\/wp\/v2\/posts\/39505\/revisions\/39507"}],"wp:featuredmedia":[{"embeddable":true,"href":"https:\/\/2horizontes.com\/index.php?rest_route=\/wp\/v2\/media\/39506"}],"wp:attachment":[{"href":"https:\/\/2horizontes.com\/index.php?rest_route=%2Fwp%2Fv2%2Fmedia&parent=39505"}],"wp:term":[{"taxonomy":"category","embeddable":true,"href":"https:\/\/2horizontes.com\/index.php?rest_route=%2Fwp%2Fv2%2Fcategories&post=39505"},{"taxonomy":"post_tag","embeddable":true,"href":"https:\/\/2horizontes.com\/index.php?rest_route=%2Fwp%2Fv2%2Ftags&post=39505"}],"curies":[{"name":"wp","href":"https:\/\/api.w.org\/{rel}","templated":true}]}}