{"id":39502,"date":"2016-01-19T23:51:42","date_gmt":"2016-01-19T22:51:42","guid":{"rendered":"http:\/\/2horizontes.com\/?p=39502"},"modified":"2016-01-19T23:51:42","modified_gmt":"2016-01-19T22:51:42","slug":"detenido-un-neonazi-por-agredir-a-un-joven-punk-en-el-tranvia-de-parla","status":"publish","type":"post","link":"https:\/\/2horizontes.com\/?p=39502","title":{"rendered":"Detenido un neonazi por agredir a un joven punk en el tranv\u00eda de Parla"},"content":{"rendered":"<p>Un hombre de ideolog\u00eda neonazi ha sido detenido como presunto autor agredir a un joven de est\u00e9tica punk en el tranv\u00eda de Parla.<\/p>\n<p>La Jefatura Superior de Polic\u00eda de Madrid ha informado de la detenci\u00f3n del hombre, de 37 a\u00f1os edad, como presunto autor de un delito contra la integridad moral dentro del nuevo protocolo de actuaci\u00f3n contra los delitos de odio y la discriminaci\u00f3n puesto en marcha para la protecci\u00f3n de las personas m\u00e1s vulnerables<\/p>\n<p>Los hechos ocurrieron dentro del tranv\u00eda de Parla, donde, seg\u00fan la denuncia de la v\u00edctima, un var\u00f3n que no conoc\u00eda le hab\u00eda propinado dos pu\u00f1etazos en el rostro y varias patadas, al parecer por su est\u00e9tica punk.<\/p>\n<p>Las primeras pesquisas llevaron a los investigadores a determinar que la agresi\u00f3n encajaba dentro de los denominados delitos de odio, ya que el joven pertenec\u00eda a una ideolog\u00eda contraria a la del autor de los hechos.<\/p>\n<p>Fuentes policiales consultadas han precisado que el agresor es de ideolog\u00eda neonazi.<\/p>\n<p>Tras una \u00abardua investigaci\u00f3n policial\u00bb a cargo de agentes de la Brigada Local de Informaci\u00f3n de la Comisar\u00eda Local de Parla, la polic\u00eda consigui\u00f3 identificarle y detenerle.<\/p>\n","protected":false},"excerpt":{"rendered":"<p>Un hombre de ideolog\u00eda neonazi ha sido detenido como presunto autor agredir a un joven de est\u00e9tica punk en el tranv\u00eda de Parla. La Jefatura Superior de Polic\u00eda de Madrid ha informado de la detenci\u00f3n del hombre, de 37 a\u00f1os edad, como presunto autor de un delito contra la integridad moral dentro del nuevo protocolo [&hellip;]<\/p>\n","protected":false},"author":3,"featured_media":39503,"comment_status":"open","ping_status":"open","sticky":false,"template":"","format":"standard","meta":{"footnotes":""},"categories":[85],"tags":[],"class_list":["post-39502","post","type-post","status-publish","format-standard","has-post-thumbnail","hentry","category-espana"],"_links":{"self":[{"href":"https:\/\/2horizontes.com\/index.php?rest_route=\/wp\/v2\/posts\/39502","targetHints":{"allow":["GET"]}}],"collection":[{"href":"https:\/\/2horizontes.com\/index.php?rest_route=\/wp\/v2\/posts"}],"about":[{"href":"https:\/\/2horizontes.com\/index.php?rest_route=\/wp\/v2\/types\/post"}],"author":[{"embeddable":true,"href":"https:\/\/2horizontes.com\/index.php?rest_route=\/wp\/v2\/users\/3"}],"replies":[{"embeddable":true,"href":"https:\/\/2horizontes.com\/index.php?rest_route=%2Fwp%2Fv2%2Fcomments&post=39502"}],"version-history":[{"count":1,"href":"https:\/\/2horizontes.com\/index.php?rest_route=\/wp\/v2\/posts\/39502\/revisions"}],"predecessor-version":[{"id":39504,"href":"https:\/\/2horizontes.com\/index.php?rest_route=\/wp\/v2\/posts\/39502\/revisions\/39504"}],"wp:featuredmedia":[{"embeddable":true,"href":"https:\/\/2horizontes.com\/index.php?rest_route=\/wp\/v2\/media\/39503"}],"wp:attachment":[{"href":"https:\/\/2horizontes.com\/index.php?rest_route=%2Fwp%2Fv2%2Fmedia&parent=39502"}],"wp:term":[{"taxonomy":"category","embeddable":true,"href":"https:\/\/2horizontes.com\/index.php?rest_route=%2Fwp%2Fv2%2Fcategories&post=39502"},{"taxonomy":"post_tag","embeddable":true,"href":"https:\/\/2horizontes.com\/index.php?rest_route=%2Fwp%2Fv2%2Ftags&post=39502"}],"curies":[{"name":"wp","href":"https:\/\/api.w.org\/{rel}","templated":true}]}}