{"id":39495,"date":"2016-01-19T23:19:43","date_gmt":"2016-01-19T22:19:43","guid":{"rendered":"http:\/\/2horizontes.com\/?p=39495"},"modified":"2016-01-19T23:21:31","modified_gmt":"2016-01-19T22:21:31","slug":"39495-2","status":"publish","type":"post","link":"https:\/\/2horizontes.com\/?p=39495","title":{"rendered":"Daesh confirma la muerte de &#8216;John el yihadista&#8217; en un bombardeo en Siria el pasado octubre"},"content":{"rendered":"<p>Daesh ha confirmado este martes la muerte de Mohamed Emwazi, cuyo nombre de guerra era Abu Muharib al Muhajir, aunque se le conoc\u00eda como &#8216;John, el yihadista&#8217;, en un bombardeo perpetrado por un &#8216;drone&#8217; (avi\u00f3n no tripulado) el 29 de octubre cerca de la ciudad siria de Raqqa.<\/p>\n<p>Un jueves, el 29 del Muharram, a\u00f1o 1437, Abu Muharib finalmente alcanz\u00f3 el testimonio de Al\u00e1, que hab\u00eda buscado durante mucho tiempo, cuando su coche fue golpeado en un ataque de un &#8216;drone&#8217; en la ciudad de Raqqa, destruyendo el coche y mat\u00e1ndole en el acto\u00bb, reza un art\u00edculo de la revista &#8216;Dabiq&#8217;.<\/p>\n<p>Estados Unidos revel\u00f3 el pasado 13 de noviembre que estaba \u00abbastante seguro\u00bb de que Emwazi hab\u00eda muerto en el bombardeo de uno de sus &#8216;drones&#8217; realizado sobre Raqqa, la capital &#8216;de facto&#8217; del autoproclamado califato del Estado Isl\u00e1mico. Emwazi era considerado un \u00abobjetivo de alto valor\u00bb porque hab\u00eda servido con \u00e9xito a la propaganda de la organizaci\u00f3n terrorista entre ciudadanos occidentales, escenificando cruentas ejecuciones en v\u00eddeos difundidos por Daesh.<\/p>\n<p>&#8216;Dabiq&#8217; ha contado en su art\u00edculo que Emwazi era natural de Kuwait, aunque su familia se asent\u00f3 en Londres cuando apenas era un ni\u00f1o, por lo que ha considerado \u00abun don\u00bb que mantuviera su fe \u00aba pesar de residir en uno de los centros de la herej\u00eda\u00bb. Daesh ha situado la radicalizaci\u00f3n de Emwazi \u00aben la \u00e9poca de los ataques de Londres de 2005, cuando la yihad en Irak estaba en su punto \u00e1lgido\u00bb. \u00abEstuvo muy ocupado esos d\u00edas, trabajando con sus hermanos\u00bb, ha comentado.<\/p>\n","protected":false},"excerpt":{"rendered":"<p>Daesh ha confirmado este martes la muerte de Mohamed Emwazi, cuyo nombre de guerra era Abu Muharib al Muhajir, aunque se le conoc\u00eda como &#8216;John, el yihadista&#8217;, en un bombardeo perpetrado por un &#8216;drone&#8217; (avi\u00f3n no tripulado) el 29 de octubre cerca de la ciudad siria de Raqqa. Un jueves, el 29 del Muharram, a\u00f1o [&hellip;]<\/p>\n","protected":false},"author":3,"featured_media":39496,"comment_status":"open","ping_status":"open","sticky":false,"template":"","format":"standard","meta":{"footnotes":""},"categories":[40],"tags":[],"class_list":["post-39495","post","type-post","status-publish","format-standard","has-post-thumbnail","hentry","category-internacionales"],"_links":{"self":[{"href":"https:\/\/2horizontes.com\/index.php?rest_route=\/wp\/v2\/posts\/39495","targetHints":{"allow":["GET"]}}],"collection":[{"href":"https:\/\/2horizontes.com\/index.php?rest_route=\/wp\/v2\/posts"}],"about":[{"href":"https:\/\/2horizontes.com\/index.php?rest_route=\/wp\/v2\/types\/post"}],"author":[{"embeddable":true,"href":"https:\/\/2horizontes.com\/index.php?rest_route=\/wp\/v2\/users\/3"}],"replies":[{"embeddable":true,"href":"https:\/\/2horizontes.com\/index.php?rest_route=%2Fwp%2Fv2%2Fcomments&post=39495"}],"version-history":[{"count":2,"href":"https:\/\/2horizontes.com\/index.php?rest_route=\/wp\/v2\/posts\/39495\/revisions"}],"predecessor-version":[{"id":39498,"href":"https:\/\/2horizontes.com\/index.php?rest_route=\/wp\/v2\/posts\/39495\/revisions\/39498"}],"wp:featuredmedia":[{"embeddable":true,"href":"https:\/\/2horizontes.com\/index.php?rest_route=\/wp\/v2\/media\/39496"}],"wp:attachment":[{"href":"https:\/\/2horizontes.com\/index.php?rest_route=%2Fwp%2Fv2%2Fmedia&parent=39495"}],"wp:term":[{"taxonomy":"category","embeddable":true,"href":"https:\/\/2horizontes.com\/index.php?rest_route=%2Fwp%2Fv2%2Fcategories&post=39495"},{"taxonomy":"post_tag","embeddable":true,"href":"https:\/\/2horizontes.com\/index.php?rest_route=%2Fwp%2Fv2%2Ftags&post=39495"}],"curies":[{"name":"wp","href":"https:\/\/api.w.org\/{rel}","templated":true}]}}