{"id":39475,"date":"2016-01-19T19:21:55","date_gmt":"2016-01-19T18:21:55","guid":{"rendered":"http:\/\/2horizontes.com\/?p=39475"},"modified":"2016-01-19T19:21:55","modified_gmt":"2016-01-19T18:21:55","slug":"envian-a-prision-a-mujer-que-se-robo-una-bebe-en-santiago-rd","status":"publish","type":"post","link":"https:\/\/2horizontes.com\/?p=39475","title":{"rendered":"Env\u00edan a prisi\u00f3n a mujer que se rob\u00f3 una beb\u00e9 en Santiago RD"},"content":{"rendered":"<article class=\"contenidoArticulo\">\n<div class=\"cuerpoNoticia\">\n<div>\n<p>RD-SANTIAGO-El Juzgado de la Instrucci\u00f3n del distrito judicial de Santiago dispuso prisi\u00f3n preventiva contra la mujer acusada de robarse una ni\u00f1a.<br \/>\nAunque la medida contra Lissette Mabel Pe\u00f1a Cepeda, de 30 a\u00f1os, fue conocida anoche, ser\u00e1 hoy cuando se dispondr\u00e1 el tiempo que deber\u00e1 permanecer en el penal de Rafey Mujer.<\/p>\n<p>La madre de la menor, quien es una adolescente de 17 a\u00f1os, denunci\u00f3 la pasada semana el robo de la beb\u00e9 mientras hac\u00eda una diligencia.<\/p>\n<p>La progenitora reside en la comunidad La Mosca de Cienfuegos y la infante fue rescatada el pasado s\u00e1bado en la calle siete del barrio Hato Mayor al sureste de Santiago.<\/p>\n<\/div>\n<p>En tanto, que el otro implicado en el robo, es Deulby Efra\u00edn Espinal (Naiky) de 35 a\u00f1os, chofer p\u00fablico, quien se entreg\u00f3 a las autoridades. Est\u00e1 acusado de participar en el robo de la ni\u00f1a.<\/p>\n<\/div>\n<\/article>\n<p>&nbsp;<\/p>\n","protected":false},"excerpt":{"rendered":"<p>RD-SANTIAGO-El Juzgado de la Instrucci\u00f3n del distrito judicial de Santiago dispuso prisi\u00f3n preventiva contra la mujer acusada de robarse una ni\u00f1a. Aunque la medida contra Lissette Mabel Pe\u00f1a Cepeda, de 30 a\u00f1os, fue conocida anoche, ser\u00e1 hoy cuando se dispondr\u00e1 el tiempo que deber\u00e1 permanecer en el penal de Rafey Mujer. La madre de la [&hellip;]<\/p>\n","protected":false},"author":8,"featured_media":39476,"comment_status":"open","ping_status":"open","sticky":false,"template":"","format":"standard","meta":{"footnotes":""},"categories":[53,44],"tags":[],"class_list":["post-39475","post","type-post","status-publish","format-standard","has-post-thumbnail","hentry","category-provincias","category-republica-dominicana"],"_links":{"self":[{"href":"https:\/\/2horizontes.com\/index.php?rest_route=\/wp\/v2\/posts\/39475","targetHints":{"allow":["GET"]}}],"collection":[{"href":"https:\/\/2horizontes.com\/index.php?rest_route=\/wp\/v2\/posts"}],"about":[{"href":"https:\/\/2horizontes.com\/index.php?rest_route=\/wp\/v2\/types\/post"}],"author":[{"embeddable":true,"href":"https:\/\/2horizontes.com\/index.php?rest_route=\/wp\/v2\/users\/8"}],"replies":[{"embeddable":true,"href":"https:\/\/2horizontes.com\/index.php?rest_route=%2Fwp%2Fv2%2Fcomments&post=39475"}],"version-history":[{"count":1,"href":"https:\/\/2horizontes.com\/index.php?rest_route=\/wp\/v2\/posts\/39475\/revisions"}],"predecessor-version":[{"id":39477,"href":"https:\/\/2horizontes.com\/index.php?rest_route=\/wp\/v2\/posts\/39475\/revisions\/39477"}],"wp:featuredmedia":[{"embeddable":true,"href":"https:\/\/2horizontes.com\/index.php?rest_route=\/wp\/v2\/media\/39476"}],"wp:attachment":[{"href":"https:\/\/2horizontes.com\/index.php?rest_route=%2Fwp%2Fv2%2Fmedia&parent=39475"}],"wp:term":[{"taxonomy":"category","embeddable":true,"href":"https:\/\/2horizontes.com\/index.php?rest_route=%2Fwp%2Fv2%2Fcategories&post=39475"},{"taxonomy":"post_tag","embeddable":true,"href":"https:\/\/2horizontes.com\/index.php?rest_route=%2Fwp%2Fv2%2Ftags&post=39475"}],"curies":[{"name":"wp","href":"https:\/\/api.w.org\/{rel}","templated":true}]}}