{"id":39428,"date":"2016-01-19T12:26:58","date_gmt":"2016-01-19T11:26:58","guid":{"rendered":"http:\/\/2horizontes.com\/?p=39428"},"modified":"2016-01-19T12:26:58","modified_gmt":"2016-01-19T11:26:58","slug":"bachelet-pide-propuestas-concretas-sobre-equidad-de-genero-en-iberoamerica","status":"publish","type":"post","link":"https:\/\/2horizontes.com\/?p=39428","title":{"rendered":"Bachelet pide \u00abpropuestas concretas\u00bb sobre equidad de g\u00e9nero en Iberoam\u00e9rica"},"content":{"rendered":"<div id=\"ArticleAuthorDiv\" class=\"article-body-author\"><b>EFE<\/b><\/div>\n<div id=\"ArticleSourceDiv\" class=\"article-body-author\"><b>Santiago de Chile<\/b><\/div>\n<div id=\"ArticleBody\">\n<p>La presidenta chilena, Michelle Bachelet, inst\u00f3 hoy a plantear \u00abpropuestas concretas y no solo buenas intenciones\u00bb al inaugurar la III Cumbre Iberoamericana de G\u00e9nero, a la que asisten m\u00e1s de 400 personas de 21 pa\u00edses, quienes debatir\u00e1n sobre pol\u00edticas locales centradas en las mujeres.<\/p>\n<p>\u00abActualmente, existe una mujer alcaldesa por cada nueve hombres en el mismo puesto, as\u00ed que me alegra que estemos realizando este encuentro y s\u00e9 que todos los que estamos aqu\u00ed trabajamos en conjunto por la equidad de g\u00e9nero\u00bb, dijo Bachelet a los asistentes en el encuentro, llevado a cabo en la capital chilena.<\/p>\n<p>En la misma l\u00ednea, habl\u00f3 sobre \u00abla esperanza de que en esta cumbre surjan propuestas concretas y no solo buenas intenciones\u00bb.<\/p>\n<p>\u00abPorque cada vez que hablamos de g\u00e9nero debemos tener en cuenta que este es un tema que trasciende a todas las pol\u00edticas\u00bb, agreg\u00f3.<\/p>\n<p>La actividad se celebr\u00f3 con emotivos homenajes a Gabriela Mistral y Violeta Parra a trav\u00e9s de bailes y canto y cont\u00f3 con la presencia de autoridades locales e internacionales, adem\u00e1s de representantes de la sociedad civil, quienes se reunieron para \u00abfomentar la inclusi\u00f3n de la pol\u00edtica de g\u00e9nero en las agendas locales\u00bb.<\/p>\n<p>La cita se extender\u00e1 por cuatro d\u00edas y contar\u00e1 con la colaboraci\u00f3n de las alcaldesas de Madrid, Manuela Carmena, y de Santiago, Carolina Toh\u00e1, adem\u00e1s de la directora regional de ONU Mujeres, Luiza Carvalho, y la secretaria general iberoamericana, Rebeca Grynspan.<\/p>\n<p>Tambi\u00e9n participar\u00e1n el presidente de la Uni\u00f3n Iberoamericana de Municipalistas y Gobernador de la Provincia de San Juan en Argentina, Sergio U\u00f1ac, y las ministras chilenas de la Mujer, Claudia Pascual, y de Trabajo, Ximena Rinc\u00f3n.<\/p>\n<p>La iniciativa, busca promover la construcci\u00f3n de nuevos modelos desde una visi\u00f3n de justicia y equidad de g\u00e9nero, bajo la tem\u00e1tica \u00abMujer y Ciudad\u00bb, donde se debatir\u00e1n una serie de pol\u00edticas p\u00fablicas y cambios para avanzar hacia la igualdad entre hombres y mujeres.<\/p>\n<p>\u00abEs importante pensar en ciudades justas y amables con las mujeres, debido a que se ha reproducido la primac\u00eda de la mirada masculina\u00bb, dijo en un discurso la alcaldesa de Santiago.<\/p>\n<p>Asimismo, agreg\u00f3 que \u00aba los pa\u00edses les falta esa mirada femenina, que pone el foco en el cuidado de los otros, eso es gobernar\u00bb.<\/p>\n<p>Un ejemplo de una \u00abmejor ciudad\u00bb, como se\u00f1al\u00f3 la alcaldesa, es garantizar un transporte p\u00fablico seguro, viviendas dignas y dar acceso al trabajo a m\u00e1s mujeres que deben conciliar su vida laboral y familiar, entre otras problem\u00e1ticas que se tocar\u00e1n en las cien conferencias y paneles a desarrollar en este encuentro.<\/p>\n<p>La cumbre es organizada por la Uni\u00f3n Iberoamericana de Municipalistas (UIM), una de las entidades de gobiernos locales m\u00e1s importantes a nivel mundial, la Municipalidad de Santiago, la Asociaci\u00f3n Chilena de Municipalidades y ONU Mujeres.<\/p>\n<p>En el marco de esta actividad, las alcaldesas de Santiago y de Madrid, junto con autoridades iberoamericanas visitaron hoy el Museo Violeta Parra, que se inaugur\u00f3 el a\u00f1o pasado en homenaje a la autora de \u00abGracias a la vida\u00bb.<\/p>\n<p>Durante el recorrido, Manuela Carmena expres\u00f3 que \u00abeste tipo de eventos son fundamentales, porque en el mundo en general, donde estamos las mujeres, estamos innovando, movemos moldes, aportamos valores que la sociedad necesita\u00bb.<\/p>\n<p>Asimismo, agreg\u00f3 que \u00abla manera de hacer pol\u00edtica de las mujeres precisa que el principio de humanidad est\u00e9 como elemento determinante en cualquier tipo de pol\u00edtica\u00bb.<\/p>\n<\/div>\n","protected":false},"excerpt":{"rendered":"<p>EFE Santiago de Chile La presidenta chilena, Michelle Bachelet, inst\u00f3 hoy a plantear \u00abpropuestas concretas y no solo buenas intenciones\u00bb al inaugurar la III Cumbre Iberoamericana de G\u00e9nero, a la que asisten m\u00e1s de 400 personas de 21 pa\u00edses, quienes debatir\u00e1n sobre pol\u00edticas locales centradas en las mujeres. \u00abActualmente, existe una mujer alcaldesa por cada [&hellip;]<\/p>\n","protected":false},"author":7,"featured_media":39429,"comment_status":"open","ping_status":"open","sticky":false,"template":"","format":"standard","meta":{"footnotes":""},"categories":[40,43],"tags":[],"class_list":["post-39428","post","type-post","status-publish","format-standard","has-post-thumbnail","hentry","category-internacionales","category-politica"],"_links":{"self":[{"href":"https:\/\/2horizontes.com\/index.php?rest_route=\/wp\/v2\/posts\/39428","targetHints":{"allow":["GET"]}}],"collection":[{"href":"https:\/\/2horizontes.com\/index.php?rest_route=\/wp\/v2\/posts"}],"about":[{"href":"https:\/\/2horizontes.com\/index.php?rest_route=\/wp\/v2\/types\/post"}],"author":[{"embeddable":true,"href":"https:\/\/2horizontes.com\/index.php?rest_route=\/wp\/v2\/users\/7"}],"replies":[{"embeddable":true,"href":"https:\/\/2horizontes.com\/index.php?rest_route=%2Fwp%2Fv2%2Fcomments&post=39428"}],"version-history":[{"count":2,"href":"https:\/\/2horizontes.com\/index.php?rest_route=\/wp\/v2\/posts\/39428\/revisions"}],"predecessor-version":[{"id":39431,"href":"https:\/\/2horizontes.com\/index.php?rest_route=\/wp\/v2\/posts\/39428\/revisions\/39431"}],"wp:featuredmedia":[{"embeddable":true,"href":"https:\/\/2horizontes.com\/index.php?rest_route=\/wp\/v2\/media\/39429"}],"wp:attachment":[{"href":"https:\/\/2horizontes.com\/index.php?rest_route=%2Fwp%2Fv2%2Fmedia&parent=39428"}],"wp:term":[{"taxonomy":"category","embeddable":true,"href":"https:\/\/2horizontes.com\/index.php?rest_route=%2Fwp%2Fv2%2Fcategories&post=39428"},{"taxonomy":"post_tag","embeddable":true,"href":"https:\/\/2horizontes.com\/index.php?rest_route=%2Fwp%2Fv2%2Ftags&post=39428"}],"curies":[{"name":"wp","href":"https:\/\/api.w.org\/{rel}","templated":true}]}}