{"id":3941,"date":"2015-04-01T12:07:44","date_gmt":"2015-04-01T12:07:44","guid":{"rendered":"http:\/\/2horizontes.com\/?p=3941"},"modified":"2015-04-01T12:10:09","modified_gmt":"2015-04-01T12:10:09","slug":"media-espana-por-encima-de-los-25o","status":"publish","type":"post","link":"https:\/\/2horizontes.com\/?p=3941","title":{"rendered":"Media Espa\u00f1a por encima de los 25\u00baC"},"content":{"rendered":"<p><a href=\"http:\/\/2horizontes.com\/wp-content\/uploads\/2015\/04\/playa.jpg\"><img loading=\"lazy\" decoding=\"async\" class=\"alignright wp-image-3942 size-medium\" src=\"http:\/\/2horizontes.com\/wp-content\/uploads\/2015\/04\/playa-300x147.jpg\" alt=\"MALAGUE\u00d1OS DISFRUTAN BUEN TIEMPO EN PLAYAS\" width=\"300\" height=\"147\" srcset=\"https:\/\/2horizontes.com\/wp-content\/uploads\/2015\/04\/playa-300x147.jpg 300w, https:\/\/2horizontes.com\/wp-content\/uploads\/2015\/04\/playa-510x250.jpg 510w, https:\/\/2horizontes.com\/wp-content\/uploads\/2015\/04\/playa.jpg 1024w\" sizes=\"auto, (max-width: 300px) 100vw, 300px\" \/><\/a><\/p>\n<p>Espa\u00f1a.-El tiempo veraniego persistir\u00e1 este martes en plena<strong> Semana Santa<\/strong>en <strong>Espa\u00f1a<\/strong>, con temperaturas que rebasar\u00e1n los 25 grados cent\u00edgrados en m\u00e1s de la mitad del pa\u00eds, cielos despejados o poco nubosos y algunas lluvias d\u00e9biles en el extremo norte peninsular.<\/p>\n<p>La predicci\u00f3n de la <strong>Agencia Estatal de Meteorolog\u00eda<\/strong> (Aemet), recogida por Servimedia, augura para hoy cielos nubosos o con intervalos nubosos en todo el extremo norte peninsular, donde no se descarta alguna precipitaci\u00f3n d\u00e9bil, m\u00e1s probable en el <strong>Cant\u00e1brico<\/strong>oriental.<\/p>\n<p>Los cielos ser\u00e1n poco nubosos o despejados en el resto de la pen\u00ednsula y <strong>Baleares<\/strong>, mientras que en <strong>Canarias <\/strong>destacar\u00e1n los intervalos nubosos en el norte de las islas de mayor relieve y los cielos poco nubosos con intervalos de nubes altas en el resto del archipi\u00e9lago.<\/p>\n<p><a href=\"http:\/\/2horizontes.com\/wp-content\/uploads\/2015\/04\/playaa.jpg\"><img loading=\"lazy\" decoding=\"async\" class=\"alignleft wp-image-3943 size-medium\" src=\"http:\/\/2horizontes.com\/wp-content\/uploads\/2015\/04\/playaa-300x176.jpg\" alt=\"MALAGUE\u00d1OS DISFRUTAN BUEN TIEMPO EN PLAYAS\" width=\"300\" height=\"176\" srcset=\"https:\/\/2horizontes.com\/wp-content\/uploads\/2015\/04\/playaa-300x176.jpg 300w, https:\/\/2horizontes.com\/wp-content\/uploads\/2015\/04\/playaa-510x300.jpg 510w, https:\/\/2horizontes.com\/wp-content\/uploads\/2015\/04\/playaa.jpg 1024w\" sizes=\"auto, (max-width: 300px) 100vw, 300px\" \/><\/a><\/p>\n<p>Este martes soplar\u00e1n intervalos de viento fuerte en el valle del <strong>Ebro<\/strong>,<strong>Pirineos<\/strong>, noreste de <strong>Gerona <\/strong>y <strong>Canarias<\/strong>. Este fen\u00f3meno ha obligado a la Aemet a activar la alerta amarilla en <strong>Huesca <\/strong>(sur), <strong>Zaragoza<\/strong>(ribera del <strong>Ebro<\/strong>), <strong>Castell\u00f3n <\/strong>(norte) y <strong>Tarragona <\/strong>por rachas m\u00e1ximas de viento de entre 70 y 80 km\/h, as\u00ed como en la costa del <strong>Ampurd\u00e1n<\/strong>(<strong>Gerona<\/strong>) por olas de hasta tres metros de altura.<\/p>\n<p>Las temperaturas m\u00e1ximas superar\u00e1n los 25 grados en la mitad sur y parte de <strong>Catalu\u00f1a<\/strong>, y ser\u00e1n especialmente altas en el valle del<strong>Guadalquivir<\/strong>. Entre las capitales de provincia, los term\u00f3metros llegar\u00e1n a los 31\u00baC en <strong>C\u00f3rdoba <\/strong>y <strong>Sevilla<\/strong>, los 30\u00baC en Granada, los 29\u00baC en <strong>Huelva <\/strong>y <strong>Murcia<\/strong>, los 28\u00baC en <strong>Badajoz<\/strong>; los 27\u00baC en<strong>Albacete<\/strong>, <strong>Ciudad Real<\/strong>, <strong>Ja\u00e9n <\/strong>y <strong>Toledo<\/strong>, y los 26\u00baC en <strong>C\u00e1ceres<\/strong>,<strong>Castell\u00f3n<\/strong>, <strong>Guadalajara<\/strong>, <strong>Lleida<\/strong>, <strong>Madrid<\/strong>, <strong>M\u00e1laga <\/strong>y <strong>Valencia<\/strong>.<\/p>\n<h2 class=\"ladillo\">M\u00e1ximas de 32\u00baC<\/h2>\n<p>La Semana Santa comenz\u00f3 anteayer con motivo del <strong>Domingo de Ramos<\/strong> con un d\u00eda m\u00e1s que primaveral. De hecho, seg\u00fan los datos de la Aemet, recogidos por Servimedia, un total de 118 estaciones de 17 provincias de la mitad sur peninsular y <strong>Ceuta <\/strong>recogieron temperaturas de al menos 25 grados cent\u00edgrados.<\/p>\n<p>Las m\u00e1ximas de este domingo superaron los 30 grados en cuatro provincias del sur y seis estaciones meteorol\u00f3gicas as\u00ed lo registraron: 31,1\u00baC en <strong>Manilva <\/strong>(<strong>M\u00e1laga<\/strong>); 30,9\u00baC en <strong>Hu\u00e9rcal-Overa <\/strong>(<strong>Almer\u00eda<\/strong>); 30,7\u00baC en <strong>Torremolinos<\/strong> (<strong>M\u00e1laga<\/strong>); 30,3\u00baC en <strong>Albox <\/strong>(<strong>Almer\u00eda<\/strong>), y 30,1\u00baC en <strong>San Roque <\/strong>(<strong>C\u00e1diz<\/strong>) y <strong>Co\u00edn <\/strong>(<strong>M\u00e1laga<\/strong>).<\/p>\n<p>Este lunes los term\u00f3metros continuaron ascendiendo, hasta el punto de que 171 estaciones de la Aemet repartidas en 28 provincias y<strong>Ceuta <\/strong>y <strong>Melilla <\/strong>marcaron al menos 25 grados cent\u00edgrados.<\/p>\n<p>Los datos de Meteorolog\u00eda se\u00f1alan que las m\u00e1ximas de este lunes rebasaron los 30 grados en 16 lugares: <strong>Oliva <\/strong>(<strong>Valencia<\/strong>), con 32\u00baC;<strong>J\u00e1vea <\/strong>(<strong>Alicante<\/strong>), con 31,8\u00baC en <strong>Murcia<\/strong>; 31,7\u00baC en <strong>J\u00e1vea <\/strong>(<strong>Alicante<\/strong>); 31,4\u00baC en <strong>Orihuela <\/strong>(<strong>Alicante<\/strong>); 31,2\u00baC en <strong>Torre-Pacheco<\/strong> (<strong>Murcia<\/strong>); 30,9\u00baC en <strong>Elche <\/strong>y <strong>Rojales <\/strong>(<strong>Alicante<\/strong>) y <strong>Molina de Segura<\/strong> (<strong>Murcia<\/strong>); 30,8\u00baC en <strong>Miramar<\/strong> y <strong>Valencia <\/strong>(<strong>Valencia<\/strong>); 30,6\u00baC en <strong>Pego<\/strong> (<strong>Alicante<\/strong>) y <strong>Lorca <\/strong>(<strong>Murcia<\/strong>); 30,3\u00baC en <strong>Abanilla <\/strong>(<strong>Murcia<\/strong>); 30,2\u00baC en <strong>Co\u00edn<\/strong>(<strong>M\u00e1laga<\/strong>), y 30,1\u00baC en <strong>Totana <\/strong>(<strong>Murcia<\/strong>) y <strong>X\u00e1tiva <\/strong>(<strong>Valencia<\/strong>).<\/p>\n","protected":false},"excerpt":{"rendered":"<p>Espa\u00f1a.-El tiempo veraniego persistir\u00e1 este martes en plena Semana Santaen Espa\u00f1a, con temperaturas que rebasar\u00e1n los 25 grados cent\u00edgrados en m\u00e1s de la mitad del pa\u00eds, cielos despejados o poco nubosos y algunas lluvias d\u00e9biles en el extremo norte peninsular. La predicci\u00f3n de la Agencia Estatal de Meteorolog\u00eda (Aemet), recogida por Servimedia, augura para hoy [&hellip;]<\/p>\n","protected":false},"author":2,"featured_media":0,"comment_status":"open","ping_status":"open","sticky":false,"template":"","format":"standard","meta":{"footnotes":""},"categories":[1],"tags":[],"class_list":["post-3941","post","type-post","status-publish","format-standard","hentry","category-entretenimiento"],"_links":{"self":[{"href":"https:\/\/2horizontes.com\/index.php?rest_route=\/wp\/v2\/posts\/3941","targetHints":{"allow":["GET"]}}],"collection":[{"href":"https:\/\/2horizontes.com\/index.php?rest_route=\/wp\/v2\/posts"}],"about":[{"href":"https:\/\/2horizontes.com\/index.php?rest_route=\/wp\/v2\/types\/post"}],"author":[{"embeddable":true,"href":"https:\/\/2horizontes.com\/index.php?rest_route=\/wp\/v2\/users\/2"}],"replies":[{"embeddable":true,"href":"https:\/\/2horizontes.com\/index.php?rest_route=%2Fwp%2Fv2%2Fcomments&post=3941"}],"version-history":[{"count":3,"href":"https:\/\/2horizontes.com\/index.php?rest_route=\/wp\/v2\/posts\/3941\/revisions"}],"predecessor-version":[{"id":3946,"href":"https:\/\/2horizontes.com\/index.php?rest_route=\/wp\/v2\/posts\/3941\/revisions\/3946"}],"wp:attachment":[{"href":"https:\/\/2horizontes.com\/index.php?rest_route=%2Fwp%2Fv2%2Fmedia&parent=3941"}],"wp:term":[{"taxonomy":"category","embeddable":true,"href":"https:\/\/2horizontes.com\/index.php?rest_route=%2Fwp%2Fv2%2Fcategories&post=3941"},{"taxonomy":"post_tag","embeddable":true,"href":"https:\/\/2horizontes.com\/index.php?rest_route=%2Fwp%2Fv2%2Ftags&post=3941"}],"curies":[{"name":"wp","href":"https:\/\/api.w.org\/{rel}","templated":true}]}}