{"id":39345,"date":"2016-01-18T16:15:07","date_gmt":"2016-01-18T15:15:07","guid":{"rendered":"http:\/\/2horizontes.com\/?p=39345"},"modified":"2016-01-18T16:15:07","modified_gmt":"2016-01-18T15:15:07","slug":"recuperan-bebe-raptada-en-santiago-apresan-mujer-por-el-hecho-rd","status":"publish","type":"post","link":"https:\/\/2horizontes.com\/?p=39345","title":{"rendered":"Recuperan beb\u00e9 raptada en Santiago; apresan mujer por el hecho RD"},"content":{"rendered":"<p>RD- SANTIAGO-La Polic\u00eda Nacional inform\u00f3 este lunes que apres\u00f3 a una mujer, que en compa\u00f1\u00eda de un hombre \u00a0que est\u00e1 pr\u00f3fugo, alegadamente robaron a una beb\u00e9 reci\u00e9n nacida de los brazos de su madre, en un hecho criminal perpetrado el pasado jueves en el sector Cienfuegos.<\/p>\n<p>La detenida fue identificada como Lissette Mabel Pe\u00f1a Cepeda,\u00a0 de 30 a\u00f1os, quien ten\u00eda en su poder la infante, hija de Valentina Luna, residente en el citado sector y quien present\u00f3 la denuncia del robo de su peque\u00f1a hija.<\/p>\n<p>De acuerdo a la denuncia, la infante se encontraba junto a su madre en la avenida Germ\u00e1n S\u00e1nchez, donde la ahora prevenida y el pr\u00f3fugo, identificado como Deulby Efra\u00edn Espinal (Naiky), 35 a\u00f1os, la montaron por la fuerza en el carro Toyota Corolla DX, color blanco, a\u00f1o 1993, placa B000026 y luego le quitaron a su hija.<\/p>\n<p>El referido carro, perteneciente a la ruta E, fue \u00a0localizado y ocupado mediante una intervenci\u00f3n practicada en el sector El Ejido de esta ciudad.<\/p>\n<p>Conocido el caso, los efectivos policiales y del Ministerio P\u00fablico asumieron las pesquisas hasta identificar los autores.<\/p>\n<p>La Polic\u00eda precis\u00f3 que\u00a0\u00a0Pe\u00f1a Cepeda\u00a0 fue arrestada en atenci\u00f3n a la orden n\u00famero 386-2016, emitida por un juez del Tribunal de Atenci\u00f3n Permanente del Distrito Judicial de Santiago.<\/p>\n<p>Mientras que exhort\u00f3 al pr\u00f3fugo a\u00a0entregarse por la v\u00eda que el entienda pertinente, para que responda por el hecho que se le imputa.<\/p>\n<p>La prevenida ser\u00e1 puesta a disposici\u00f3n de la Justicia en las pr\u00f3ximas horas, v\u00eda el Ministerio P\u00fablico, para que se le conozca medida de coerci\u00f3n.<\/p>\n<p>&nbsp;<\/p>\n","protected":false},"excerpt":{"rendered":"<p>RD- SANTIAGO-La Polic\u00eda Nacional inform\u00f3 este lunes que apres\u00f3 a una mujer, que en compa\u00f1\u00eda de un hombre \u00a0que est\u00e1 pr\u00f3fugo, alegadamente robaron a una beb\u00e9 reci\u00e9n nacida de los brazos de su madre, en un hecho criminal perpetrado el pasado jueves en el sector Cienfuegos. La detenida fue identificada como Lissette Mabel Pe\u00f1a Cepeda,\u00a0 [&hellip;]<\/p>\n","protected":false},"author":8,"featured_media":34275,"comment_status":"open","ping_status":"open","sticky":false,"template":"","format":"standard","meta":{"footnotes":""},"categories":[53,44],"tags":[],"class_list":["post-39345","post","type-post","status-publish","format-standard","has-post-thumbnail","hentry","category-provincias","category-republica-dominicana"],"_links":{"self":[{"href":"https:\/\/2horizontes.com\/index.php?rest_route=\/wp\/v2\/posts\/39345","targetHints":{"allow":["GET"]}}],"collection":[{"href":"https:\/\/2horizontes.com\/index.php?rest_route=\/wp\/v2\/posts"}],"about":[{"href":"https:\/\/2horizontes.com\/index.php?rest_route=\/wp\/v2\/types\/post"}],"author":[{"embeddable":true,"href":"https:\/\/2horizontes.com\/index.php?rest_route=\/wp\/v2\/users\/8"}],"replies":[{"embeddable":true,"href":"https:\/\/2horizontes.com\/index.php?rest_route=%2Fwp%2Fv2%2Fcomments&post=39345"}],"version-history":[{"count":1,"href":"https:\/\/2horizontes.com\/index.php?rest_route=\/wp\/v2\/posts\/39345\/revisions"}],"predecessor-version":[{"id":39350,"href":"https:\/\/2horizontes.com\/index.php?rest_route=\/wp\/v2\/posts\/39345\/revisions\/39350"}],"wp:featuredmedia":[{"embeddable":true,"href":"https:\/\/2horizontes.com\/index.php?rest_route=\/wp\/v2\/media\/34275"}],"wp:attachment":[{"href":"https:\/\/2horizontes.com\/index.php?rest_route=%2Fwp%2Fv2%2Fmedia&parent=39345"}],"wp:term":[{"taxonomy":"category","embeddable":true,"href":"https:\/\/2horizontes.com\/index.php?rest_route=%2Fwp%2Fv2%2Fcategories&post=39345"},{"taxonomy":"post_tag","embeddable":true,"href":"https:\/\/2horizontes.com\/index.php?rest_route=%2Fwp%2Fv2%2Ftags&post=39345"}],"curies":[{"name":"wp","href":"https:\/\/api.w.org\/{rel}","templated":true}]}}