{"id":39340,"date":"2016-01-18T15:55:06","date_gmt":"2016-01-18T14:55:06","guid":{"rendered":"http:\/\/2horizontes.com\/?p=39340"},"modified":"2016-01-18T15:55:06","modified_gmt":"2016-01-18T14:55:06","slug":"tres-ecuatorianos-mueren-tiroteados-en-caracas-por-discusion-en-terminal-de-autobuses","status":"publish","type":"post","link":"https:\/\/2horizontes.com\/?p=39340","title":{"rendered":"Tres ecuatorianos mueren tiroteados en Caracas por discusi\u00f3n en terminal de autobuses"},"content":{"rendered":"<div id=\"ArticleAuthorDiv\" class=\"article-body-author\"><b>EFE<\/b><\/div>\n<div id=\"ArticleSourceDiv\" class=\"article-body-author\"><b>Caracas<\/b><\/div>\n<div id=\"ArticleBody\">\n<p>Tres ecuatorianos murieron y otras cinco personas resultaron heridas por desconocidos que el s\u00e1bado les dispararon al calor de una discusi\u00f3n en un terminal de autobuses de pasajeros del populoso oeste de Caracas, inform\u00f3 hoy el Ministerio P\u00fablico.<\/p>\n<p>\u00abLas v\u00edctimas esperaban la llegada de varios familiares en un autob\u00fas procedentes de Ecuador\u00bb cuando \u00bb se origin\u00f3 una discusi\u00f3n con varios hombres quienes efectuaron m\u00faltiples disparos\u00bb, dijo la fuente oficial venezolana en un comunicado.<\/p>\n<p>Los fallecidos fueron identificados como Willian Alberto L\u00f3pez Anchundia (43 a\u00f1os), Willian Geovanny L\u00f3pez Castro (25) y Jeandry Leonel Sol\u00f3rzano Morillo (35).<\/p>\n<p>Los heridos, cuya nacionalidad no es precisada en el comunicado oficial, fueron Maryori Sol\u00f3rzano (37), Wilber Dreaned Sol\u00f3rzano Morillo (47), Jennifer Carolina Morillo Yosa (32), Vanesa Maribel Mero (20) y un adolescente de 13 a\u00f1os de edad no identificado.<\/p>\n<p>\u00abLos victimarios emprendieron la huida r\u00e1pidamente\u00bb y los heridos \u00abfueron llevados a un centro de salud\u00bb, a\u00f1adi\u00f3 el Ministerio P\u00fablico sin ofrecer otros detalles.<\/p>\n<p>El hecho ocurri\u00f3 hacia las 02.00 hora local del s\u00e1bado (06.30 GMT) en el terminal de autobuses de El Para\u00edso.<\/p>\n<\/div>\n","protected":false},"excerpt":{"rendered":"<p>EFE Caracas Tres ecuatorianos murieron y otras cinco personas resultaron heridas por desconocidos que el s\u00e1bado les dispararon al calor de una discusi\u00f3n en un terminal de autobuses de pasajeros del populoso oeste de Caracas, inform\u00f3 hoy el Ministerio P\u00fablico. \u00abLas v\u00edctimas esperaban la llegada de varios familiares en un autob\u00fas procedentes de Ecuador\u00bb cuando [&hellip;]<\/p>\n","protected":false},"author":7,"featured_media":39341,"comment_status":"open","ping_status":"open","sticky":false,"template":"","format":"standard","meta":{"footnotes":""},"categories":[40,48],"tags":[],"class_list":["post-39340","post","type-post","status-publish","format-standard","has-post-thumbnail","hentry","category-internacionales","category-venezuela"],"_links":{"self":[{"href":"https:\/\/2horizontes.com\/index.php?rest_route=\/wp\/v2\/posts\/39340","targetHints":{"allow":["GET"]}}],"collection":[{"href":"https:\/\/2horizontes.com\/index.php?rest_route=\/wp\/v2\/posts"}],"about":[{"href":"https:\/\/2horizontes.com\/index.php?rest_route=\/wp\/v2\/types\/post"}],"author":[{"embeddable":true,"href":"https:\/\/2horizontes.com\/index.php?rest_route=\/wp\/v2\/users\/7"}],"replies":[{"embeddable":true,"href":"https:\/\/2horizontes.com\/index.php?rest_route=%2Fwp%2Fv2%2Fcomments&post=39340"}],"version-history":[{"count":1,"href":"https:\/\/2horizontes.com\/index.php?rest_route=\/wp\/v2\/posts\/39340\/revisions"}],"predecessor-version":[{"id":39342,"href":"https:\/\/2horizontes.com\/index.php?rest_route=\/wp\/v2\/posts\/39340\/revisions\/39342"}],"wp:featuredmedia":[{"embeddable":true,"href":"https:\/\/2horizontes.com\/index.php?rest_route=\/wp\/v2\/media\/39341"}],"wp:attachment":[{"href":"https:\/\/2horizontes.com\/index.php?rest_route=%2Fwp%2Fv2%2Fmedia&parent=39340"}],"wp:term":[{"taxonomy":"category","embeddable":true,"href":"https:\/\/2horizontes.com\/index.php?rest_route=%2Fwp%2Fv2%2Fcategories&post=39340"},{"taxonomy":"post_tag","embeddable":true,"href":"https:\/\/2horizontes.com\/index.php?rest_route=%2Fwp%2Fv2%2Ftags&post=39340"}],"curies":[{"name":"wp","href":"https:\/\/api.w.org\/{rel}","templated":true}]}}