{"id":39333,"date":"2016-01-18T15:40:18","date_gmt":"2016-01-18T14:40:18","guid":{"rendered":"http:\/\/2horizontes.com\/?p=39333"},"modified":"2016-01-18T15:40:18","modified_gmt":"2016-01-18T14:40:18","slug":"la-ropa-inteligente-facturara-135-millones-en-2018-en-el-mundo","status":"publish","type":"post","link":"https:\/\/2horizontes.com\/?p=39333","title":{"rendered":"La ropa inteligente facturar\u00e1 135 millones en 2018 en el mundo"},"content":{"rendered":"<div id=\"ArticleAuthorDiv\" class=\"article-body-author\"><b>EFE<\/b><\/div>\n<div id=\"ArticleSourceDiv\" class=\"article-body-author\"><b>Barcelona (Espa\u00f1a)<\/b><\/div>\n<div id=\"ArticleBody\">\n<p>Las ventas de productos de tecnolog\u00eda incorporada a la ropa, la denominada \u00abwearables&#8217; (ropa inteligente o dispositivos ponibles), alcanzar\u00e1n los 135 millones de euros (unos 147 millones de d\u00f3lares) en 2018 en el mundo, auguran expertos internacionales que se reunir\u00e1n en Barcelona esta semana.<\/p>\n<p>En el encuentro est\u00e1 previsto que se analicen las oportunidades de este tipo de tecnolog\u00eda.<\/p>\n<p>Los expertos calculan que las oportunidades que ofrecen la ropa y los tejidos inteligentes y funcionales har\u00e1n que las ventas pasen de los 9,7 millones de euros obtenidos en 2013 en todo el mundo -5,2 s\u00f3lo en EE.UU- a 135 millones en 2018.<\/p>\n<p>Los textiles inteligentes, con una demanda que llega al 75 % en el caso de los j\u00f3venes, \u00abofrecen importantes oportunidades gracias al desarrollo en la miniaturizaci\u00f3n de componentes electr\u00f3nicos\u00bb, explic\u00f3 el investigador en dise\u00f1o textil Oscar Tomico, coordinador del encuentro.<\/p>\n<p>Seg\u00fan Tomico, \u00ablos tejidos funcionales ya se pueden ver en geotextiles, arquitextiles y agrotextiles, pero tambi\u00e9n en la indumentaria profesional o en aplicaciones deportivas y en el campo de la salud\u00bb.<\/p>\n<p>Para que este futuro pueda convertirse en una realidad, seg\u00fan Tomico, \u00abes necesaria una gran transformaci\u00f3n en la que participen agentes de m\u00faltiples disciplinas y niveles\u00bb, donde \u00abla innovaci\u00f3n debe formar parte tanto del proceso de producci\u00f3n como del proceso de dise\u00f1o o de los modelos de negocio\u00bb.<\/p>\n<p>El encuentro est\u00e1 organizado por la embajada holandesa en Espa\u00f1a, en colaboraci\u00f3n con ADI-FAD (Asociaci\u00f3n de Dise\u00f1o Industrial del Fomento de las Artes y del Dise\u00f1o, con sede en Barcelona), Eindhoven University of Technology y Eurecat (centro tecnol\u00f3gico de Catalu\u00f1a).<\/p>\n<p>Este foro contar\u00e1 con la participaci\u00f3n de expertos del mundo textil, el dise\u00f1o de moda o textil y expertos en &#8216;wearables&#8217; o tecnolog\u00eda aplicada al sector textil.<\/p>\n<p>Seg\u00fan los expertos, \u00abes una revoluci\u00f3n del textil, impulsada por los nuevos materiales, procesos de producci\u00f3n y canales, la proliferaci\u00f3n de datos, dispositivos y sensores y la hiperconectividad\u00bb.<\/p>\n<\/div>\n","protected":false},"excerpt":{"rendered":"<p>EFE Barcelona (Espa\u00f1a) Las ventas de productos de tecnolog\u00eda incorporada a la ropa, la denominada \u00abwearables&#8217; (ropa inteligente o dispositivos ponibles), alcanzar\u00e1n los 135 millones de euros (unos 147 millones de d\u00f3lares) en 2018 en el mundo, auguran expertos internacionales que se reunir\u00e1n en Barcelona esta semana. En el encuentro est\u00e1 previsto que se analicen [&hellip;]<\/p>\n","protected":false},"author":7,"featured_media":39334,"comment_status":"open","ping_status":"open","sticky":false,"template":"","format":"standard","meta":{"footnotes":""},"categories":[1,40],"tags":[],"class_list":["post-39333","post","type-post","status-publish","format-standard","has-post-thumbnail","hentry","category-entretenimiento","category-internacionales"],"_links":{"self":[{"href":"https:\/\/2horizontes.com\/index.php?rest_route=\/wp\/v2\/posts\/39333","targetHints":{"allow":["GET"]}}],"collection":[{"href":"https:\/\/2horizontes.com\/index.php?rest_route=\/wp\/v2\/posts"}],"about":[{"href":"https:\/\/2horizontes.com\/index.php?rest_route=\/wp\/v2\/types\/post"}],"author":[{"embeddable":true,"href":"https:\/\/2horizontes.com\/index.php?rest_route=\/wp\/v2\/users\/7"}],"replies":[{"embeddable":true,"href":"https:\/\/2horizontes.com\/index.php?rest_route=%2Fwp%2Fv2%2Fcomments&post=39333"}],"version-history":[{"count":1,"href":"https:\/\/2horizontes.com\/index.php?rest_route=\/wp\/v2\/posts\/39333\/revisions"}],"predecessor-version":[{"id":39335,"href":"https:\/\/2horizontes.com\/index.php?rest_route=\/wp\/v2\/posts\/39333\/revisions\/39335"}],"wp:featuredmedia":[{"embeddable":true,"href":"https:\/\/2horizontes.com\/index.php?rest_route=\/wp\/v2\/media\/39334"}],"wp:attachment":[{"href":"https:\/\/2horizontes.com\/index.php?rest_route=%2Fwp%2Fv2%2Fmedia&parent=39333"}],"wp:term":[{"taxonomy":"category","embeddable":true,"href":"https:\/\/2horizontes.com\/index.php?rest_route=%2Fwp%2Fv2%2Fcategories&post=39333"},{"taxonomy":"post_tag","embeddable":true,"href":"https:\/\/2horizontes.com\/index.php?rest_route=%2Fwp%2Fv2%2Ftags&post=39333"}],"curies":[{"name":"wp","href":"https:\/\/api.w.org\/{rel}","templated":true}]}}