{"id":39300,"date":"2016-01-18T12:23:38","date_gmt":"2016-01-18T11:23:38","guid":{"rendered":"http:\/\/2horizontes.com\/?p=39300"},"modified":"2016-01-18T12:23:38","modified_gmt":"2016-01-18T11:23:38","slug":"rajoy-augura-que-un-gobierno-de-sanchez-acabara-como-el-rosario-de-la-aurora","status":"publish","type":"post","link":"https:\/\/2horizontes.com\/?p=39300","title":{"rendered":"Rajoy augura que un Gobierno de S\u00e1nchez \u201cacabar\u00e1 como el rosario de la aurora\u201d"},"content":{"rendered":"<p>El presidente del Gobierno en funciones, Mariano Rajoy, no acaba de entender que pueda haber un Gobierno de Pedro S\u00e1nchez y que el l\u00edder socialista prefiera unirse a los independentistas y a Podemos que al PP, que pudiendo apoyar a un \u201cgobierno serio\u201d su pretensi\u00f3n sea formar gobierno \u201ccon 14, que va a acabar como el rosario de la aurora\u201d.<\/p>\n<p>Rajoy tambi\u00e9n se lamenta de que S\u00e1nchez \u201cquiera pactar con todos menos con el PP\u201d, algo que considera que \u201cno es democr\u00e1tico, ni respeta la voluntad de la gente\u201d.<\/p>\n<p>En una entrevista en RNE, Mariano Rajoy sigue defendiendo un Gobierno del PP, PSOE y Ciudadanos, que de estabilidad y confianza, porque, advirti\u00f3, \u201cla econom\u00eda ya se est\u00e1 resintiendo de la incertidumbre pol\u00edtica\u201d y hay inversores que paralizan sus inversiones, mientras no se sepa que va a pasar.<\/p>\n<p>Sin embargo, y a pesar de la situaci\u00f3n que describe Rajoy, el presidente del Gobierno no tiene previsto reunirse o hablar de forma inmediata con Pedro S\u00e1nchez, con el argumento de que \u201cno quiere negociar conmigo\u201d y tampoco ha desvelado que ofertas podr\u00eda hacerlo: \u201cSi lo desvelo ser\u00eda un mal negociador\u201d, aunque considera que la reforma laboral no debe tocarse porque ha dado un buen resultado y ya ha creado un mill\u00f3n de empleos; que la ley de seguridad ciudadana no tiene problemas y Espa\u00f1a es uno de los pa\u00edses m\u00e1s seguros del mundo, la ley de educaci\u00f3n ya ha conseguido que se rebaje el n\u00famero de alumnos que abandonan su educaci\u00f3n y la reforma constitucional \u201cno est\u00e1 en mi programa, pero estoy dispuesto a escuchar\u201d.<\/p>\n","protected":false},"excerpt":{"rendered":"<p>El presidente del Gobierno en funciones, Mariano Rajoy, no acaba de entender que pueda haber un Gobierno de Pedro S\u00e1nchez y que el l\u00edder socialista prefiera unirse a los independentistas y a Podemos que al PP, que pudiendo apoyar a un \u201cgobierno serio\u201d su pretensi\u00f3n sea formar gobierno \u201ccon 14, que va a acabar como [&hellip;]<\/p>\n","protected":false},"author":3,"featured_media":39301,"comment_status":"open","ping_status":"open","sticky":false,"template":"","format":"standard","meta":{"footnotes":""},"categories":[85,43],"tags":[],"class_list":["post-39300","post","type-post","status-publish","format-standard","has-post-thumbnail","hentry","category-espana","category-politica"],"_links":{"self":[{"href":"https:\/\/2horizontes.com\/index.php?rest_route=\/wp\/v2\/posts\/39300","targetHints":{"allow":["GET"]}}],"collection":[{"href":"https:\/\/2horizontes.com\/index.php?rest_route=\/wp\/v2\/posts"}],"about":[{"href":"https:\/\/2horizontes.com\/index.php?rest_route=\/wp\/v2\/types\/post"}],"author":[{"embeddable":true,"href":"https:\/\/2horizontes.com\/index.php?rest_route=\/wp\/v2\/users\/3"}],"replies":[{"embeddable":true,"href":"https:\/\/2horizontes.com\/index.php?rest_route=%2Fwp%2Fv2%2Fcomments&post=39300"}],"version-history":[{"count":1,"href":"https:\/\/2horizontes.com\/index.php?rest_route=\/wp\/v2\/posts\/39300\/revisions"}],"predecessor-version":[{"id":39302,"href":"https:\/\/2horizontes.com\/index.php?rest_route=\/wp\/v2\/posts\/39300\/revisions\/39302"}],"wp:featuredmedia":[{"embeddable":true,"href":"https:\/\/2horizontes.com\/index.php?rest_route=\/wp\/v2\/media\/39301"}],"wp:attachment":[{"href":"https:\/\/2horizontes.com\/index.php?rest_route=%2Fwp%2Fv2%2Fmedia&parent=39300"}],"wp:term":[{"taxonomy":"category","embeddable":true,"href":"https:\/\/2horizontes.com\/index.php?rest_route=%2Fwp%2Fv2%2Fcategories&post=39300"},{"taxonomy":"post_tag","embeddable":true,"href":"https:\/\/2horizontes.com\/index.php?rest_route=%2Fwp%2Fv2%2Ftags&post=39300"}],"curies":[{"name":"wp","href":"https:\/\/api.w.org\/{rel}","templated":true}]}}