{"id":39288,"date":"2016-01-17T15:35:18","date_gmt":"2016-01-17T14:35:18","guid":{"rendered":"http:\/\/2horizontes.com\/?p=39288"},"modified":"2016-01-17T15:35:18","modified_gmt":"2016-01-17T14:35:18","slug":"oiea-confirma-que-iran-cumple-las-exigencias-del-acuerdo-nuclear-multilateral","status":"publish","type":"post","link":"https:\/\/2horizontes.com\/?p=39288","title":{"rendered":"OIEA confirma que Ir\u00e1n cumple las exigencias del acuerdo nuclear multilateral"},"content":{"rendered":"<div id=\"ArticleAuthorDiv\" class=\"article-body-author\"><b>EFE<\/b><\/div>\n<div id=\"ArticleSourceDiv\" class=\"article-body-author\"><b>Viena<\/b><\/div>\n<div id=\"ArticleBody\">\n<p>El Organismo Internacional de Energ\u00eda At\u00f3mica (OIEA) confirm\u00f3 hoy que Ir\u00e1n ha cumplido las exigencias para poner en marcha el hist\u00f3rico acuerdo nuclear pactado en julio pasado en Viena y para levantar las sanciones internacionales a ese pa\u00eds.<\/p>\n<p>El tratado nuclear multilateral de Viena prev\u00e9 limitar varios aspectos del programa nuclear iran\u00ed durante per\u00edodos de entre 10 y 25 a\u00f1os, a cambio de levantar las medidas punitivas.<\/p>\n<p>\u00abHe emitido hoy el informe confirmando que Ir\u00e1n ha completado todos los pasos preparatorios necesarios para implementar el Plan Conjunto de Acci\u00f3n (acuerdo nuclear multilateral). El informe fue enviado a la Junta de Gobernadores del OIEA y al Consejo de Seguridad de Naciones Unidas\u00bb, se\u00f1al\u00f3 el director general del organismo, Yukuiya Amano, en un comunicado.<\/p>\n<p>El informe de la agencia nuclear de la ONU \u00abfue emitido despu\u00e9s de que inspectores de la agencia verificaran sobre el terreno lo que Ir\u00e1n llev\u00f3 adelante todas las medidas requeridas para hacer posibles el d\u00eda de implementaci\u00f3n\u00bb del acuerdo, destac\u00f3 el director general.<\/p>\n<p>\u00abLas relaciones entre Ir\u00e1n y el OIEA entran en una nueva fase. Es un d\u00eda importante para la comunidad internacional. Felicito a todos que ayudaron a hacer esto realidad\u00bb, se\u00f1al\u00f3 Amano.<\/p>\n<p>\u00abEs un d\u00eda muy importante. Hemos recorrido un camino muy largo desde que el OIEA empez\u00f3 a considerar el asunto nuclear iran\u00ed en 2003\u00bb, manifest\u00f3 el director general.<\/p>\n<p>\u00abDe acuerdo con sus compromisos, Ir\u00e1n comenzar\u00e1 a aplicar provisionalmente el Protocolo Adicional a su acuerdo de salvaguardas con el OIEA\u00bb, anunci\u00f3 Amano.<\/p>\n<p>De esta forma, los inspectores de la agencia nuclear de la ONU podr\u00e1n realizar visitas e inspecciones sin aviso previo en la Rep\u00fablica Isl\u00e1mica.<\/p>\n<p>\u00abEsto aumenta las capacidades de la agencia de supervisar las actividades nucleares en Ir\u00e1n y verificar que son pac\u00edficas\u00bb, concluy\u00f3 Amano, al cabo de una larga jornada de contactos diplom\u00e1ticos para sellar el hist\u00f3rico acuerdo.<\/p>\n<\/div>\n","protected":false},"excerpt":{"rendered":"<p>EFE Viena El Organismo Internacional de Energ\u00eda At\u00f3mica (OIEA) confirm\u00f3 hoy que Ir\u00e1n ha cumplido las exigencias para poner en marcha el hist\u00f3rico acuerdo nuclear pactado en julio pasado en Viena y para levantar las sanciones internacionales a ese pa\u00eds. El tratado nuclear multilateral de Viena prev\u00e9 limitar varios aspectos del programa nuclear iran\u00ed durante [&hellip;]<\/p>\n","protected":false},"author":7,"featured_media":39289,"comment_status":"open","ping_status":"open","sticky":false,"template":"","format":"standard","meta":{"footnotes":""},"categories":[40,43],"tags":[],"class_list":["post-39288","post","type-post","status-publish","format-standard","has-post-thumbnail","hentry","category-internacionales","category-politica"],"_links":{"self":[{"href":"https:\/\/2horizontes.com\/index.php?rest_route=\/wp\/v2\/posts\/39288","targetHints":{"allow":["GET"]}}],"collection":[{"href":"https:\/\/2horizontes.com\/index.php?rest_route=\/wp\/v2\/posts"}],"about":[{"href":"https:\/\/2horizontes.com\/index.php?rest_route=\/wp\/v2\/types\/post"}],"author":[{"embeddable":true,"href":"https:\/\/2horizontes.com\/index.php?rest_route=\/wp\/v2\/users\/7"}],"replies":[{"embeddable":true,"href":"https:\/\/2horizontes.com\/index.php?rest_route=%2Fwp%2Fv2%2Fcomments&post=39288"}],"version-history":[{"count":1,"href":"https:\/\/2horizontes.com\/index.php?rest_route=\/wp\/v2\/posts\/39288\/revisions"}],"predecessor-version":[{"id":39290,"href":"https:\/\/2horizontes.com\/index.php?rest_route=\/wp\/v2\/posts\/39288\/revisions\/39290"}],"wp:featuredmedia":[{"embeddable":true,"href":"https:\/\/2horizontes.com\/index.php?rest_route=\/wp\/v2\/media\/39289"}],"wp:attachment":[{"href":"https:\/\/2horizontes.com\/index.php?rest_route=%2Fwp%2Fv2%2Fmedia&parent=39288"}],"wp:term":[{"taxonomy":"category","embeddable":true,"href":"https:\/\/2horizontes.com\/index.php?rest_route=%2Fwp%2Fv2%2Fcategories&post=39288"},{"taxonomy":"post_tag","embeddable":true,"href":"https:\/\/2horizontes.com\/index.php?rest_route=%2Fwp%2Fv2%2Ftags&post=39288"}],"curies":[{"name":"wp","href":"https:\/\/api.w.org\/{rel}","templated":true}]}}