{"id":39252,"date":"2016-01-17T14:38:59","date_gmt":"2016-01-17T13:38:59","guid":{"rendered":"http:\/\/2horizontes.com\/?p=39252"},"modified":"2016-01-17T14:38:59","modified_gmt":"2016-01-17T13:38:59","slug":"fiscalia-venezolana-apelara-sentencia-contra-opositor-acusado-de-homicidio","status":"publish","type":"post","link":"https:\/\/2horizontes.com\/?p=39252","title":{"rendered":"Fiscal\u00eda venezolana apelar\u00e1 sentencia contra opositor acusado de homicidio"},"content":{"rendered":"<div id=\"ArticleAuthorDiv\" class=\"article-body-author\"><b>EFE<\/b><\/div>\n<div id=\"ArticleSourceDiv\" class=\"article-body-author\"><b>Caracas<\/b><\/div>\n<div id=\"ArticleBody\">\n<p>La sentencia de 17 a\u00f1os de c\u00e1rcel dictada contra un supuesto opositor venezolano por el homicidio de una periodista durante las manifestaciones antigubernamentales del a\u00f1o antepasado ser\u00e1 apelada, anunci\u00f3 hoy la fiscal general del pa\u00eds, Luisa Ortega, por considerar que la pena debe ser mayor.<\/p>\n<p>\u00abEl Ministerio P\u00fablico apelar\u00e1 decisi\u00f3n del tribunal que conden\u00f3 a 17 a\u00f1os de prisi\u00f3n a Yonny Bol\u00edvar, por la muerte de Adriana Urquiola\u00bb, escribi\u00f3 Ortega en la red social Twitter.<\/p>\n<p>Urquiola, una int\u00e9rprete de se\u00f1as del canal privado caraque\u00f1o Venevisi\u00f3n, fue una de las 43 v\u00edctimas mortales de hechos violentos vinculados a \u00abLa Salida\u00bb, estrategia de lucha callejera que un sector de las oposici\u00f3n al presidente Nicol\u00e1s Maduro ejecut\u00f3 durante el primer semestre de 2014.<\/p>\n<p>La profesional de 28 a\u00f1os muri\u00f3 tiroteada cuando descend\u00eda de un veh\u00edculo del transporte p\u00fablico junto a otros pasajeros que fue impedido de circular por la instalaci\u00f3n de una \u00abguarimba\u00bb (barricada).<\/p>\n<p>El acusado de disparar desde la barricada el 23 de marzo de 2014 contra Urquiola y contra Rosalba P\u00e9rez, herida levemente, fue detenido tres meses despu\u00e9s en Colombia y extraditado a Venezuela.<\/p>\n<p>El presidente venezolano denunci\u00f3 entonces supuestos v\u00ednculos entre una persona \u00abde confianza\u00bb del apresado alcalde caraque\u00f1o opositor Antonio Ledezma y el acusado.<\/p>\n<p>\u00abYa instru\u00ed a los fiscales a apelar la sentencia y que pidan una pena m\u00e1s alta, acorde a la gravedad de los delitos y as\u00ed hacer justicia\u00bb, escribi\u00f3 la fiscal en un mensaje adicional en Twitter.<\/p>\n<p>El Tribunal VII de Juicio del \u00c1rea Metropolitana de Caracas conden\u00f3 a Bol\u00edvar la v\u00edspera a 17 a\u00f1os, un mes y 20 d\u00edas de prisi\u00f3n por \u00abhomicidio calificado con alevos\u00eda por motivos innobles\u00bb y \u00abhomicidio en grado de frustraci\u00f3n\u00bb.<\/p>\n<p>Tambi\u00e9n por \u00abuso indebido y posesi\u00f3n il\u00edcita de arma de fuego\u00bb, todo lo cual, seg\u00fan la fiscal general, debe ser castigado con la pena de reclusi\u00f3n mayor, que en Venezuela es de 30 a\u00f1os de c\u00e1rcel.<\/p>\n<p>El juicio contra el alcalde Ledezma, a su vez, a\u00fan no ha comenzado y el Tribunal de la causa fij\u00f3 este viernes para el 15 de febrero la audiencia preliminar donde se deben formalizar los cargos en su contra, supuestamente por conspiraci\u00f3n contra el Gobierno.<\/p>\n<p>La Fiscal\u00eda dijo en abril del a\u00f1o pasado que el caso de Ledezma tambi\u00e9n guarda relaci\u00f3n con el de los activistas Lorent G\u00f3mez Saleh y Gabriel Vall\u00e9s, expulsados de Colombia en septiembre de 2014 por presunta vinculaci\u00f3n con planes conspirativos contra Maduro atribuidos al expresidente colombiano \u00c1lvaro Uribe (2002-2010).<\/p>\n<p>El abogado de Ledezma, Jos\u00e9 Fernando N\u00fa\u00f1ez, record\u00f3 que la audiencia preliminar de su defendido ha sido pospuesta en diez ocasiones, lo que constituye, remarc\u00f3, \u00abuna estafa procesal\u00bb.<\/p>\n<\/div>\n","protected":false},"excerpt":{"rendered":"<p>EFE Caracas La sentencia de 17 a\u00f1os de c\u00e1rcel dictada contra un supuesto opositor venezolano por el homicidio de una periodista durante las manifestaciones antigubernamentales del a\u00f1o antepasado ser\u00e1 apelada, anunci\u00f3 hoy la fiscal general del pa\u00eds, Luisa Ortega, por considerar que la pena debe ser mayor. \u00abEl Ministerio P\u00fablico apelar\u00e1 decisi\u00f3n del tribunal que [&hellip;]<\/p>\n","protected":false},"author":7,"featured_media":39253,"comment_status":"open","ping_status":"open","sticky":false,"template":"","format":"standard","meta":{"footnotes":""},"categories":[40,43,48],"tags":[],"class_list":["post-39252","post","type-post","status-publish","format-standard","has-post-thumbnail","hentry","category-internacionales","category-politica","category-venezuela"],"_links":{"self":[{"href":"https:\/\/2horizontes.com\/index.php?rest_route=\/wp\/v2\/posts\/39252","targetHints":{"allow":["GET"]}}],"collection":[{"href":"https:\/\/2horizontes.com\/index.php?rest_route=\/wp\/v2\/posts"}],"about":[{"href":"https:\/\/2horizontes.com\/index.php?rest_route=\/wp\/v2\/types\/post"}],"author":[{"embeddable":true,"href":"https:\/\/2horizontes.com\/index.php?rest_route=\/wp\/v2\/users\/7"}],"replies":[{"embeddable":true,"href":"https:\/\/2horizontes.com\/index.php?rest_route=%2Fwp%2Fv2%2Fcomments&post=39252"}],"version-history":[{"count":1,"href":"https:\/\/2horizontes.com\/index.php?rest_route=\/wp\/v2\/posts\/39252\/revisions"}],"predecessor-version":[{"id":39254,"href":"https:\/\/2horizontes.com\/index.php?rest_route=\/wp\/v2\/posts\/39252\/revisions\/39254"}],"wp:featuredmedia":[{"embeddable":true,"href":"https:\/\/2horizontes.com\/index.php?rest_route=\/wp\/v2\/media\/39253"}],"wp:attachment":[{"href":"https:\/\/2horizontes.com\/index.php?rest_route=%2Fwp%2Fv2%2Fmedia&parent=39252"}],"wp:term":[{"taxonomy":"category","embeddable":true,"href":"https:\/\/2horizontes.com\/index.php?rest_route=%2Fwp%2Fv2%2Fcategories&post=39252"},{"taxonomy":"post_tag","embeddable":true,"href":"https:\/\/2horizontes.com\/index.php?rest_route=%2Fwp%2Fv2%2Ftags&post=39252"}],"curies":[{"name":"wp","href":"https:\/\/api.w.org\/{rel}","templated":true}]}}