{"id":39233,"date":"2016-01-17T13:49:32","date_gmt":"2016-01-17T12:49:32","guid":{"rendered":"http:\/\/2horizontes.com\/?p=39233"},"modified":"2016-01-17T13:49:32","modified_gmt":"2016-01-17T12:49:32","slug":"herido-critico-un-hombre-en-el-incendio-de-un-bajo-en-barcelona","status":"publish","type":"post","link":"https:\/\/2horizontes.com\/?p=39233","title":{"rendered":"Herido cr\u00edtico un hombre en el incendio de un bajo en Barcelona"},"content":{"rendered":"<p>Un hombre de unos 50 a\u00f1os ha quedado herido cr\u00edtico en el incendio de unos bajos en el distrito de Sants-Montju\u00efc, seg\u00fan ha informado el Ayuntamiento de Barcelona. El aviso del fuego se ha recibido a las 02.37 horas de la madrugada de este domingo en el n\u00famero 25 de la calle de Canalejas, junto a la estaci\u00f3n de metro de Mercat Nou.<\/p>\n<p>En el momento del incendio hab\u00eda siete personas dentro de la vivienda y han sido rescatadas por los Bomberos de Barcelona. Seis personas, entre las cuales un beb\u00e9, se encontraban atrapadas en un patio interior y han sido atendidas por inhalaci\u00f3n de humo por el Sistema de Emergencias M\u00e9dicas. La s\u00e9ptima, un hombre de unos 50 a\u00f1os que se hab\u00eda protegido de las llamas cerr\u00e1ndose en la cocina, ha sido rescatado en estado cr\u00edtico y trasladado al Hospital de Sant Joan Desp\u00ed Mois\u00e8s Broggi.<\/p>\n<p>El Servicio de Prevenci\u00f3n y Extinci\u00f3n de Incendios y Salvamento (SPEIS) han desplazado ocho dotaciones hasta el lugar de los hechos, y a las 5:56 el incendio se daba por extinguido. Los Bomberos han apuntalado la vivienda afectada y ha desalojado a una persona de la primera planta del edificio. Como consecuencia de este fuego el Centro de Urgencias y Emergencias Sociales ha alojado a tres personas.<\/p>\n","protected":false},"excerpt":{"rendered":"<p>Un hombre de unos 50 a\u00f1os ha quedado herido cr\u00edtico en el incendio de unos bajos en el distrito de Sants-Montju\u00efc, seg\u00fan ha informado el Ayuntamiento de Barcelona. El aviso del fuego se ha recibido a las 02.37 horas de la madrugada de este domingo en el n\u00famero 25 de la calle de Canalejas, junto [&hellip;]<\/p>\n","protected":false},"author":3,"featured_media":39234,"comment_status":"open","ping_status":"open","sticky":false,"template":"","format":"standard","meta":{"footnotes":""},"categories":[85],"tags":[],"class_list":["post-39233","post","type-post","status-publish","format-standard","has-post-thumbnail","hentry","category-espana"],"_links":{"self":[{"href":"https:\/\/2horizontes.com\/index.php?rest_route=\/wp\/v2\/posts\/39233","targetHints":{"allow":["GET"]}}],"collection":[{"href":"https:\/\/2horizontes.com\/index.php?rest_route=\/wp\/v2\/posts"}],"about":[{"href":"https:\/\/2horizontes.com\/index.php?rest_route=\/wp\/v2\/types\/post"}],"author":[{"embeddable":true,"href":"https:\/\/2horizontes.com\/index.php?rest_route=\/wp\/v2\/users\/3"}],"replies":[{"embeddable":true,"href":"https:\/\/2horizontes.com\/index.php?rest_route=%2Fwp%2Fv2%2Fcomments&post=39233"}],"version-history":[{"count":1,"href":"https:\/\/2horizontes.com\/index.php?rest_route=\/wp\/v2\/posts\/39233\/revisions"}],"predecessor-version":[{"id":39235,"href":"https:\/\/2horizontes.com\/index.php?rest_route=\/wp\/v2\/posts\/39233\/revisions\/39235"}],"wp:featuredmedia":[{"embeddable":true,"href":"https:\/\/2horizontes.com\/index.php?rest_route=\/wp\/v2\/media\/39234"}],"wp:attachment":[{"href":"https:\/\/2horizontes.com\/index.php?rest_route=%2Fwp%2Fv2%2Fmedia&parent=39233"}],"wp:term":[{"taxonomy":"category","embeddable":true,"href":"https:\/\/2horizontes.com\/index.php?rest_route=%2Fwp%2Fv2%2Fcategories&post=39233"},{"taxonomy":"post_tag","embeddable":true,"href":"https:\/\/2horizontes.com\/index.php?rest_route=%2Fwp%2Fv2%2Ftags&post=39233"}],"curies":[{"name":"wp","href":"https:\/\/api.w.org\/{rel}","templated":true}]}}