{"id":39230,"date":"2016-01-17T13:43:40","date_gmt":"2016-01-17T12:43:40","guid":{"rendered":"http:\/\/2horizontes.com\/?p=39230"},"modified":"2016-01-17T13:43:40","modified_gmt":"2016-01-17T12:43:40","slug":"florentino-perez-se-nos-va-uno-de-los-grandes-manolo-velazquez","status":"publish","type":"post","link":"https:\/\/2horizontes.com\/?p=39230","title":{"rendered":"Florentino P\u00e9rez: Se nos va uno de los grandes, Manolo Vel\u00e1zquez\u201d"},"content":{"rendered":"<p>El presidente del Real Madrid, Florentino P\u00e9rez, expres\u00f3 su dolor tras el fallecimiento de Manuel Vel\u00e1zquez, jugador merengue entre 1965 y 1977, y destac\u00f3 la \u00abelegancia e inteligencia\u00bb de una \u00abfigura legendaria\u00bb del madridismo.<\/p>\n<p>Hoy el madridismo siente una profunda tristeza por el adi\u00f3s de una de nuestras figuras legendarias. En primer lugar quiero expresar mis condolencias y mi cari\u00f1o a su familia y a sus amigos. Quienes tuvimos la suerte de verle jugar disfrutamos con su elegancia, su inteligencia y su talento en los terrenos de juego\u00bb, manifest\u00f3 el presidente blanco.<\/p>\n<p>6 COPAS DE EUROPA<\/p>\n<p>Con el equipo de su vida, con su Real Madrid, gan\u00f3 la sexta Copa de Europa, seis Ligas y tres Copas de Espa\u00f1a. 402 partidos con nuestro escudo y nuestra camiseta. Uno de los grandes referentes de aquel Real Madrid yey\u00e9 que marc\u00f3 toda una \u00e9poca\u00bb, record\u00f3 Florentino P\u00e9rez, que calific\u00f3 de \u00abejemplo\u00bb nacido en la cantera.<\/p>\n","protected":false},"excerpt":{"rendered":"<p>El presidente del Real Madrid, Florentino P\u00e9rez, expres\u00f3 su dolor tras el fallecimiento de Manuel Vel\u00e1zquez, jugador merengue entre 1965 y 1977, y destac\u00f3 la \u00abelegancia e inteligencia\u00bb de una \u00abfigura legendaria\u00bb del madridismo. Hoy el madridismo siente una profunda tristeza por el adi\u00f3s de una de nuestras figuras legendarias. En primer lugar quiero expresar [&hellip;]<\/p>\n","protected":false},"author":3,"featured_media":39231,"comment_status":"open","ping_status":"open","sticky":false,"template":"","format":"standard","meta":{"footnotes":""},"categories":[85],"tags":[],"class_list":["post-39230","post","type-post","status-publish","format-standard","has-post-thumbnail","hentry","category-espana"],"_links":{"self":[{"href":"https:\/\/2horizontes.com\/index.php?rest_route=\/wp\/v2\/posts\/39230","targetHints":{"allow":["GET"]}}],"collection":[{"href":"https:\/\/2horizontes.com\/index.php?rest_route=\/wp\/v2\/posts"}],"about":[{"href":"https:\/\/2horizontes.com\/index.php?rest_route=\/wp\/v2\/types\/post"}],"author":[{"embeddable":true,"href":"https:\/\/2horizontes.com\/index.php?rest_route=\/wp\/v2\/users\/3"}],"replies":[{"embeddable":true,"href":"https:\/\/2horizontes.com\/index.php?rest_route=%2Fwp%2Fv2%2Fcomments&post=39230"}],"version-history":[{"count":1,"href":"https:\/\/2horizontes.com\/index.php?rest_route=\/wp\/v2\/posts\/39230\/revisions"}],"predecessor-version":[{"id":39232,"href":"https:\/\/2horizontes.com\/index.php?rest_route=\/wp\/v2\/posts\/39230\/revisions\/39232"}],"wp:featuredmedia":[{"embeddable":true,"href":"https:\/\/2horizontes.com\/index.php?rest_route=\/wp\/v2\/media\/39231"}],"wp:attachment":[{"href":"https:\/\/2horizontes.com\/index.php?rest_route=%2Fwp%2Fv2%2Fmedia&parent=39230"}],"wp:term":[{"taxonomy":"category","embeddable":true,"href":"https:\/\/2horizontes.com\/index.php?rest_route=%2Fwp%2Fv2%2Fcategories&post=39230"},{"taxonomy":"post_tag","embeddable":true,"href":"https:\/\/2horizontes.com\/index.php?rest_route=%2Fwp%2Fv2%2Ftags&post=39230"}],"curies":[{"name":"wp","href":"https:\/\/api.w.org\/{rel}","templated":true}]}}