{"id":39208,"date":"2016-01-16T17:13:59","date_gmt":"2016-01-16T16:13:59","guid":{"rendered":"http:\/\/2horizontes.com\/?p=39208"},"modified":"2016-01-16T17:13:59","modified_gmt":"2016-01-16T16:13:59","slug":"el-papa-francisco-critica-el-enchufismo-en-los-puestos-de-trabajo","status":"publish","type":"post","link":"https:\/\/2horizontes.com\/?p=39208","title":{"rendered":"El papa Francisco critica el &#8216;enchufismo&#8217; en los puestos de trabajo"},"content":{"rendered":"<p>El papa Francisco invit\u00f3 a evitar los favoritismos y enchufismos en el mundo del trabajo, al considerar que generan ilegalidad y corrupci\u00f3n, en su discurso al recibir en el Vaticano a la asociaci\u00f3n italiana Movimiento Cristiano de Trabajadores.<\/p>\n<p>\u00abEn el mundo del trabajo y en cualquier otro lugar es urgente educar a recorrer el camino luminoso y laborioso de la honestidad, evitando los atajos de los favoritismos y los enchufismos\u00bb, expres\u00f3 el pont\u00edfice. Para Francisco estas \u00abtentaciones\u00bb funcionan como \u00abcompraventa moral\u00bb y \u00abhay que rechazarlas\u00bb, pues \u00abgeneran una mentalidad falsa y da\u00f1ina que hay que combatir: la de la ilegalidad y que lleva a la corrupci\u00f3n de la persona y de la sociedad\u00bb.<\/p>\n","protected":false},"excerpt":{"rendered":"<p>El papa Francisco invit\u00f3 a evitar los favoritismos y enchufismos en el mundo del trabajo, al considerar que generan ilegalidad y corrupci\u00f3n, en su discurso al recibir en el Vaticano a la asociaci\u00f3n italiana Movimiento Cristiano de Trabajadores. \u00abEn el mundo del trabajo y en cualquier otro lugar es urgente educar a recorrer el camino [&hellip;]<\/p>\n","protected":false},"author":3,"featured_media":39209,"comment_status":"open","ping_status":"open","sticky":false,"template":"","format":"standard","meta":{"footnotes":""},"categories":[86,40],"tags":[],"class_list":["post-39208","post","type-post","status-publish","format-standard","has-post-thumbnail","hentry","category-europa","category-internacionales"],"_links":{"self":[{"href":"https:\/\/2horizontes.com\/index.php?rest_route=\/wp\/v2\/posts\/39208","targetHints":{"allow":["GET"]}}],"collection":[{"href":"https:\/\/2horizontes.com\/index.php?rest_route=\/wp\/v2\/posts"}],"about":[{"href":"https:\/\/2horizontes.com\/index.php?rest_route=\/wp\/v2\/types\/post"}],"author":[{"embeddable":true,"href":"https:\/\/2horizontes.com\/index.php?rest_route=\/wp\/v2\/users\/3"}],"replies":[{"embeddable":true,"href":"https:\/\/2horizontes.com\/index.php?rest_route=%2Fwp%2Fv2%2Fcomments&post=39208"}],"version-history":[{"count":1,"href":"https:\/\/2horizontes.com\/index.php?rest_route=\/wp\/v2\/posts\/39208\/revisions"}],"predecessor-version":[{"id":39210,"href":"https:\/\/2horizontes.com\/index.php?rest_route=\/wp\/v2\/posts\/39208\/revisions\/39210"}],"wp:featuredmedia":[{"embeddable":true,"href":"https:\/\/2horizontes.com\/index.php?rest_route=\/wp\/v2\/media\/39209"}],"wp:attachment":[{"href":"https:\/\/2horizontes.com\/index.php?rest_route=%2Fwp%2Fv2%2Fmedia&parent=39208"}],"wp:term":[{"taxonomy":"category","embeddable":true,"href":"https:\/\/2horizontes.com\/index.php?rest_route=%2Fwp%2Fv2%2Fcategories&post=39208"},{"taxonomy":"post_tag","embeddable":true,"href":"https:\/\/2horizontes.com\/index.php?rest_route=%2Fwp%2Fv2%2Ftags&post=39208"}],"curies":[{"name":"wp","href":"https:\/\/api.w.org\/{rel}","templated":true}]}}