{"id":39164,"date":"2016-01-16T11:42:19","date_gmt":"2016-01-16T10:42:19","guid":{"rendered":"http:\/\/2horizontes.com\/?p=39164"},"modified":"2016-01-16T11:42:19","modified_gmt":"2016-01-16T10:42:19","slug":"ensenanzas-del-papa-se-escucharan-en-un-disco-de-mijares","status":"publish","type":"post","link":"https:\/\/2horizontes.com\/?p=39164","title":{"rendered":"Ense\u00f1anzas del papa se escuchar\u00e1n en un disco de Mijares"},"content":{"rendered":"<div id=\"ArticleAuthorDiv\" class=\"article-body-author\"><b>EFE<\/b><\/div>\n<div id=\"ArticleSourceDiv\" class=\"article-body-author\"><b>Miami (EE.UU.)<\/b><\/div>\n<div id=\"ArticleBody\">\n<p>La voz del papa y sus mensajes sobre la familia se escuchan a partir de ayer en un \u00e1lbum instrumental que incluye una canci\u00f3n interpretada por el cantante mexicano Manuel Mijares, inform\u00f3 la discogr\u00e1fica Warner Music Latina.<\/p>\n<p>El \u00e1lbum \u00abLa familia\u00bb, compuesto por el italiano Gianpietro Felisatti, est\u00e1 compuesto por varios temas instrumentales con frases del pont\u00edfice en espa\u00f1ol extra\u00eddas de sus discursos.<\/p>\n<p>Incluye tambi\u00e9n la canci\u00f3n \u00abLa madre\u00bb, interpretada por el cantante de pop mexicano Mijares, que de fondo tambi\u00e9n tiene las ense\u00f1anzas del papa, quien tiene previsto visitar M\u00e9xico del 12 al 18 de febrero pr\u00f3ximos.<\/p>\n<p>La idea de esta producci\u00f3n es difundir los mensajes y ense\u00f1anzas transmitidas por Francisco, quien ha enfatizado en la necesidad de la familia como emblema de la uni\u00f3n, la fuerza y el afecto, explic\u00f3 la discogr\u00e1fica en un comunicado.<\/p>\n<p>Con temas como \u00abLos j\u00f3venes\u00bb, \u00abEl matrimonio\u00bb, \u00abEl padre\u00bb y \u00abLos ancianos\u00bb, esta producci\u00f3n busca transmitir \u00abun mensaje emocionante de fuerza y esperanza\u00bb.<\/p>\n<p>Felisatti compuso las melod\u00edas, especialmente dise\u00f1adas para acompa\u00f1ar las palabras del papa, que se escuchan superpuestas y acompa\u00f1adas de coros.<\/p>\n<p>En noviembre pasado, sali\u00f3 al mercado en Italia y Espa\u00f1a otro disco similar, \u00abWake up!\u00bb (\u00ab\u00a1Despertad!\u00bb- Divucsa), con once extractos de las palabras del pont\u00edfice acompa\u00f1ados de himnos sagrados de la tradici\u00f3n cristiana.<\/p>\n<p>En ellos, el papa habla en italiano, espa\u00f1ol, ingl\u00e9s y portugu\u00e9s sobre temas como la paz, el trabajo, la dignidad o el cuidado y la atenci\u00f3n a los pobres y a los m\u00e1s necesitados.<\/p>\n<\/div>\n","protected":false},"excerpt":{"rendered":"<p>EFE Miami (EE.UU.) La voz del papa y sus mensajes sobre la familia se escuchan a partir de ayer en un \u00e1lbum instrumental que incluye una canci\u00f3n interpretada por el cantante mexicano Manuel Mijares, inform\u00f3 la discogr\u00e1fica Warner Music Latina. El \u00e1lbum \u00abLa familia\u00bb, compuesto por el italiano Gianpietro Felisatti, est\u00e1 compuesto por varios temas [&hellip;]<\/p>\n","protected":false},"author":7,"featured_media":39165,"comment_status":"open","ping_status":"open","sticky":false,"template":"","format":"standard","meta":{"footnotes":""},"categories":[1,40],"tags":[],"class_list":["post-39164","post","type-post","status-publish","format-standard","has-post-thumbnail","hentry","category-entretenimiento","category-internacionales"],"_links":{"self":[{"href":"https:\/\/2horizontes.com\/index.php?rest_route=\/wp\/v2\/posts\/39164","targetHints":{"allow":["GET"]}}],"collection":[{"href":"https:\/\/2horizontes.com\/index.php?rest_route=\/wp\/v2\/posts"}],"about":[{"href":"https:\/\/2horizontes.com\/index.php?rest_route=\/wp\/v2\/types\/post"}],"author":[{"embeddable":true,"href":"https:\/\/2horizontes.com\/index.php?rest_route=\/wp\/v2\/users\/7"}],"replies":[{"embeddable":true,"href":"https:\/\/2horizontes.com\/index.php?rest_route=%2Fwp%2Fv2%2Fcomments&post=39164"}],"version-history":[{"count":1,"href":"https:\/\/2horizontes.com\/index.php?rest_route=\/wp\/v2\/posts\/39164\/revisions"}],"predecessor-version":[{"id":39166,"href":"https:\/\/2horizontes.com\/index.php?rest_route=\/wp\/v2\/posts\/39164\/revisions\/39166"}],"wp:featuredmedia":[{"embeddable":true,"href":"https:\/\/2horizontes.com\/index.php?rest_route=\/wp\/v2\/media\/39165"}],"wp:attachment":[{"href":"https:\/\/2horizontes.com\/index.php?rest_route=%2Fwp%2Fv2%2Fmedia&parent=39164"}],"wp:term":[{"taxonomy":"category","embeddable":true,"href":"https:\/\/2horizontes.com\/index.php?rest_route=%2Fwp%2Fv2%2Fcategories&post=39164"},{"taxonomy":"post_tag","embeddable":true,"href":"https:\/\/2horizontes.com\/index.php?rest_route=%2Fwp%2Fv2%2Ftags&post=39164"}],"curies":[{"name":"wp","href":"https:\/\/api.w.org\/{rel}","templated":true}]}}