{"id":39153,"date":"2016-01-16T01:17:29","date_gmt":"2016-01-16T00:17:29","guid":{"rendered":"http:\/\/2horizontes.com\/?p=39153"},"modified":"2016-01-16T01:17:29","modified_gmt":"2016-01-16T00:17:29","slug":"nino-de-8-anos-buzo-de-vertedero-rafey-sufre-quemaduras-en-pies-y-manos-rd","status":"publish","type":"post","link":"https:\/\/2horizontes.com\/?p=39153","title":{"rendered":"Ni\u00f1o de 8 a\u00f1os buzo de vertedero Rafey sufre quemaduras en pies y manos RD"},"content":{"rendered":"<p>RD-SANTIAGO-Anthony Mat\u00edas, de solo ocho a\u00f1os, se encuentra ingresado en la unidad de quemados del hospital infantil Arturo Grull\u00f3n desde el pasado 7 de enero.<\/p>\n<p>El menor result\u00f3 con quemaduras de segundo y tercer grado cuando intent\u00f3 recoger un tanquecito de gas que estaba tirado en el vertedero Rafey y\u00a0puso los pies en un terreno que por\u00a0arriba se ve normal pero por debajo era candela.<\/p>\n<p>\u201cCuando el ni\u00f1o siente que le quema uno de sus pies quiso salir pero en su desesperaci\u00f3n lo que hizo fue adentrarse m\u00e1s en fuego, lo que le causo que se quemara sus dos pies, desde la planta hasta la rodilla y as\u00ed sus dos bracitos, desde la mano hasta el codo\u201d, precis\u00f3 el pastor Pablo Ure\u00f1a al dar a conocer la informaci\u00f3n, en la que tambi\u00e9n inform\u00f3 que uno de sus compa\u00f1eros buzo\u00a0logro sacarlo milagrosamente.<\/p>\n<p>La victima vive en Cienfuegos junto a sus padres Margoiris Mat\u00edas y Altagracia Arnot, quienes tambi\u00e9n viven de lo que recogen en el vertedero. Narraron que el ni\u00f1o fue all\u00ed a buscar una leche.<\/p>\n<p>La directora del hospital infantil Arturo Grull\u00f3n, Rosa Mar\u00eda Morel, confirm\u00f3 que\u00a0el infante tiene quemaduras de segundo grado profunda y en tercer grado en ambas manos y ambos pies y un 20% de superficie corporal quemada, y que le han tenido que hacer\u00a0\u00a0tres transfusiones de sangre, pero que su estado de salud es estable.<\/p>\n<p>&nbsp;<\/p>\n","protected":false},"excerpt":{"rendered":"<p>RD-SANTIAGO-Anthony Mat\u00edas, de solo ocho a\u00f1os, se encuentra ingresado en la unidad de quemados del hospital infantil Arturo Grull\u00f3n desde el pasado 7 de enero. El menor result\u00f3 con quemaduras de segundo y tercer grado cuando intent\u00f3 recoger un tanquecito de gas que estaba tirado en el vertedero Rafey y\u00a0puso los pies en un terreno [&hellip;]<\/p>\n","protected":false},"author":8,"featured_media":33092,"comment_status":"open","ping_status":"open","sticky":false,"template":"","format":"standard","meta":{"footnotes":""},"categories":[53,44,45],"tags":[],"class_list":["post-39153","post","type-post","status-publish","format-standard","has-post-thumbnail","hentry","category-provincias","category-republica-dominicana","category-salud"],"_links":{"self":[{"href":"https:\/\/2horizontes.com\/index.php?rest_route=\/wp\/v2\/posts\/39153","targetHints":{"allow":["GET"]}}],"collection":[{"href":"https:\/\/2horizontes.com\/index.php?rest_route=\/wp\/v2\/posts"}],"about":[{"href":"https:\/\/2horizontes.com\/index.php?rest_route=\/wp\/v2\/types\/post"}],"author":[{"embeddable":true,"href":"https:\/\/2horizontes.com\/index.php?rest_route=\/wp\/v2\/users\/8"}],"replies":[{"embeddable":true,"href":"https:\/\/2horizontes.com\/index.php?rest_route=%2Fwp%2Fv2%2Fcomments&post=39153"}],"version-history":[{"count":1,"href":"https:\/\/2horizontes.com\/index.php?rest_route=\/wp\/v2\/posts\/39153\/revisions"}],"predecessor-version":[{"id":39154,"href":"https:\/\/2horizontes.com\/index.php?rest_route=\/wp\/v2\/posts\/39153\/revisions\/39154"}],"wp:featuredmedia":[{"embeddable":true,"href":"https:\/\/2horizontes.com\/index.php?rest_route=\/wp\/v2\/media\/33092"}],"wp:attachment":[{"href":"https:\/\/2horizontes.com\/index.php?rest_route=%2Fwp%2Fv2%2Fmedia&parent=39153"}],"wp:term":[{"taxonomy":"category","embeddable":true,"href":"https:\/\/2horizontes.com\/index.php?rest_route=%2Fwp%2Fv2%2Fcategories&post=39153"},{"taxonomy":"post_tag","embeddable":true,"href":"https:\/\/2horizontes.com\/index.php?rest_route=%2Fwp%2Fv2%2Ftags&post=39153"}],"curies":[{"name":"wp","href":"https:\/\/api.w.org\/{rel}","templated":true}]}}