{"id":39141,"date":"2016-01-16T00:11:19","date_gmt":"2016-01-15T23:11:19","guid":{"rendered":"http:\/\/2horizontes.com\/?p=39141"},"modified":"2016-01-16T00:11:19","modified_gmt":"2016-01-15T23:11:19","slug":"policia-apresa-chofer-de-guagua-que-mato-hombre-a-tubazos-rd","status":"publish","type":"post","link":"https:\/\/2horizontes.com\/?p=39141","title":{"rendered":"Polic\u00eda apresa chofer de guagua que mat\u00f3 hombre a tubazos RD"},"content":{"rendered":"<p>RD- SANTO DOMINGO-La Polic\u00eda Nacional inform\u00f3 este viernes que apres\u00f3 al conductor de una guagua acusado de <a href=\"http:\/\/www.elcaribe.com.do\/2016\/01\/15\/chofer-ruta-los-rios-mata-hombre-con-bate\" target=\"_blank\"><strong>matar de un tubazo<\/strong><\/a> a un hombre, en un hecho ocurrido la tarde de ayer en el sector Los R\u00edos, del Distrito Nacional.<\/p>\n<p>As\u00ed lo inform\u00f3 el vocero de la uniformada, M\u00e1ximo B\u00e1ez Aybar, en su cuenta de Twitter.<\/p>\n<p>\u00abPN apres\u00f3 conductor de autob\u00fas,acusado de ultimar hombre el d\u00eda de ayer,en un hecho ocurrido en Los R\u00edos,D.N\u00bb, poste\u00f3.<\/p>\n<p>Dijo que al momento de su detenci\u00f3n, la cual se realiz\u00f3 en el sector Los Girasoles, al hombre, cuyo nombre no fue precisado, se le ocup\u00f3 el tubo con el que alegadamente mat\u00f3 a Franklyn Astacio, de 51 a\u00f1os.<\/p>\n<p>Franklyn Astacio fue ultimado la tarde de ayer jueves por un chofer de la ruta 53 del sector capitalino Los R\u00edos. Presentes en el lugar dijeron a la prensa que el homicida lo golpe\u00f3 cuando \u00e9ste se neg\u00f3 a bajarse de la guagua que conduc\u00eda, a la cual se hab\u00eda subido en broma, versi\u00f3n que fue desmentida por la oficina de su hermano, <a href=\"http:\/\/www.elcaribe.com.do\/2016\/01\/15\/hombre-ultimado-tubazo-por-chofer-era-hermano-pastor-candidato-alcalde\" target=\"_blank\"><strong>el pastor y candidato<\/strong><\/a> a alcalde de Santo Domingo Este, D\u00edo Astacio.<\/p>\n<p>A trav\u00e9s de una nota de prensa enviada a este diario, se\u00f1ala que el se\u00f1or Astacio fue matado por el chofer, luego de que \u00e9ste lo atropell\u00f3 con su guagua y que \u00e9l le reclamara por la acci\u00f3n. Dijo que con el hoy occiso estaba su hijo, quien acudi\u00f3 a socorrerlo, pero que muri\u00f3 en sus brazos.<\/p>\n<p>&nbsp;<\/p>\n","protected":false},"excerpt":{"rendered":"<p>RD- SANTO DOMINGO-La Polic\u00eda Nacional inform\u00f3 este viernes que apres\u00f3 al conductor de una guagua acusado de matar de un tubazo a un hombre, en un hecho ocurrido la tarde de ayer en el sector Los R\u00edos, del Distrito Nacional. As\u00ed lo inform\u00f3 el vocero de la uniformada, M\u00e1ximo B\u00e1ez Aybar, en su cuenta de [&hellip;]<\/p>\n","protected":false},"author":8,"featured_media":35448,"comment_status":"open","ping_status":"open","sticky":false,"template":"","format":"standard","meta":{"footnotes":""},"categories":[44],"tags":[],"class_list":["post-39141","post","type-post","status-publish","format-standard","has-post-thumbnail","hentry","category-republica-dominicana"],"_links":{"self":[{"href":"https:\/\/2horizontes.com\/index.php?rest_route=\/wp\/v2\/posts\/39141","targetHints":{"allow":["GET"]}}],"collection":[{"href":"https:\/\/2horizontes.com\/index.php?rest_route=\/wp\/v2\/posts"}],"about":[{"href":"https:\/\/2horizontes.com\/index.php?rest_route=\/wp\/v2\/types\/post"}],"author":[{"embeddable":true,"href":"https:\/\/2horizontes.com\/index.php?rest_route=\/wp\/v2\/users\/8"}],"replies":[{"embeddable":true,"href":"https:\/\/2horizontes.com\/index.php?rest_route=%2Fwp%2Fv2%2Fcomments&post=39141"}],"version-history":[{"count":1,"href":"https:\/\/2horizontes.com\/index.php?rest_route=\/wp\/v2\/posts\/39141\/revisions"}],"predecessor-version":[{"id":39142,"href":"https:\/\/2horizontes.com\/index.php?rest_route=\/wp\/v2\/posts\/39141\/revisions\/39142"}],"wp:featuredmedia":[{"embeddable":true,"href":"https:\/\/2horizontes.com\/index.php?rest_route=\/wp\/v2\/media\/35448"}],"wp:attachment":[{"href":"https:\/\/2horizontes.com\/index.php?rest_route=%2Fwp%2Fv2%2Fmedia&parent=39141"}],"wp:term":[{"taxonomy":"category","embeddable":true,"href":"https:\/\/2horizontes.com\/index.php?rest_route=%2Fwp%2Fv2%2Fcategories&post=39141"},{"taxonomy":"post_tag","embeddable":true,"href":"https:\/\/2horizontes.com\/index.php?rest_route=%2Fwp%2Fv2%2Ftags&post=39141"}],"curies":[{"name":"wp","href":"https:\/\/api.w.org\/{rel}","templated":true}]}}