{"id":39097,"date":"2016-01-15T18:18:26","date_gmt":"2016-01-15T17:18:26","guid":{"rendered":"http:\/\/2horizontes.com\/?p=39097"},"modified":"2016-01-15T18:18:26","modified_gmt":"2016-01-15T17:18:26","slug":"apresan-padre-le-quema-la-mano-a-su-hijo-de-seis-anos-en-villa-altagracia","status":"publish","type":"post","link":"https:\/\/2horizontes.com\/?p=39097","title":{"rendered":"Apresan padre le quema la mano a su hijo de seis a\u00f1os en Villa Altagracia"},"content":{"rendered":"<div id=\"ArticleBody\">\n<p>RD- VILLA ALTAGRACIA-La procuradora fiscal\u00a0 de Villa Altagracia, F\u00e1tima S\u00e1nchez Guzm\u00e1n, confirm\u00f3 el apresamiento de un padre que\u00a0 le quem\u00f3 la mano derecha a su hijo de seis a\u00f1os, para que dijera d\u00f3nde\u00a0 estaban cien pesos que \u00e9l hab\u00eda dejado en una mesa de la sala, en un hecho que ha consternado a residentes en el sector V Centenario. Se inform\u00f3 que otro hecho similar ocurri\u00f3 en La Vega, donde un padre le quem\u00f3 las dos manos a su hijo por el supuesto robo de 500 pesos.<\/p>\n<p>En Villa Altagracia fue detenido Wilson Rosario, de 29 a\u00f1os, a quien la fiscal dijo le solicitar\u00e1 medida de coerci\u00f3n en las pr\u00f3ximas horas.<\/p>\n<p>Se inform\u00f3 que el padre hab\u00eda calentado una plancha con la que provoc\u00f3 quemaduras a su hijo, y al ni\u00f1o insistir que no sab\u00eda d\u00f3nde estaba el dinero, Rosario prendi\u00f3 una hornilla de la estufa y le provoc\u00f3 una quemadura m\u00e1s grave.<\/p>\n<p>As\u00ed lo explic\u00f3 F\u00e9lix Agust\u00edn de Jes\u00fas, director del distrito educativo 04-04 de Villa Altagracia, quien calific\u00f3 la acci\u00f3n de brutal y criminal. El ni\u00f1o estudia en la escuela Para\u00edso.<\/p>\n<p>El ni\u00f1o, quien viv\u00eda con su padre y la pareja de \u00e9ste, ahora est\u00e1 en poder de\u00a0 Consejo Nacional para la Ni\u00f1ez y la Adolescencia (CONANI).<\/p>\n<p>La comunidad est\u00e1 indignada y\u00a0 algunos de los mun\u00edcipes colaboraron para el apresamiento del agresor.<\/p>\n<\/div>\n<div><\/div>\n<p>&nbsp;<\/p>\n","protected":false},"excerpt":{"rendered":"<p>RD- VILLA ALTAGRACIA-La procuradora fiscal\u00a0 de Villa Altagracia, F\u00e1tima S\u00e1nchez Guzm\u00e1n, confirm\u00f3 el apresamiento de un padre que\u00a0 le quem\u00f3 la mano derecha a su hijo de seis a\u00f1os, para que dijera d\u00f3nde\u00a0 estaban cien pesos que \u00e9l hab\u00eda dejado en una mesa de la sala, en un hecho que ha consternado a residentes en [&hellip;]<\/p>\n","protected":false},"author":8,"featured_media":26503,"comment_status":"open","ping_status":"open","sticky":false,"template":"","format":"standard","meta":{"footnotes":""},"categories":[53,44],"tags":[],"class_list":["post-39097","post","type-post","status-publish","format-standard","has-post-thumbnail","hentry","category-provincias","category-republica-dominicana"],"_links":{"self":[{"href":"https:\/\/2horizontes.com\/index.php?rest_route=\/wp\/v2\/posts\/39097","targetHints":{"allow":["GET"]}}],"collection":[{"href":"https:\/\/2horizontes.com\/index.php?rest_route=\/wp\/v2\/posts"}],"about":[{"href":"https:\/\/2horizontes.com\/index.php?rest_route=\/wp\/v2\/types\/post"}],"author":[{"embeddable":true,"href":"https:\/\/2horizontes.com\/index.php?rest_route=\/wp\/v2\/users\/8"}],"replies":[{"embeddable":true,"href":"https:\/\/2horizontes.com\/index.php?rest_route=%2Fwp%2Fv2%2Fcomments&post=39097"}],"version-history":[{"count":1,"href":"https:\/\/2horizontes.com\/index.php?rest_route=\/wp\/v2\/posts\/39097\/revisions"}],"predecessor-version":[{"id":39098,"href":"https:\/\/2horizontes.com\/index.php?rest_route=\/wp\/v2\/posts\/39097\/revisions\/39098"}],"wp:featuredmedia":[{"embeddable":true,"href":"https:\/\/2horizontes.com\/index.php?rest_route=\/wp\/v2\/media\/26503"}],"wp:attachment":[{"href":"https:\/\/2horizontes.com\/index.php?rest_route=%2Fwp%2Fv2%2Fmedia&parent=39097"}],"wp:term":[{"taxonomy":"category","embeddable":true,"href":"https:\/\/2horizontes.com\/index.php?rest_route=%2Fwp%2Fv2%2Fcategories&post=39097"},{"taxonomy":"post_tag","embeddable":true,"href":"https:\/\/2horizontes.com\/index.php?rest_route=%2Fwp%2Fv2%2Ftags&post=39097"}],"curies":[{"name":"wp","href":"https:\/\/api.w.org\/{rel}","templated":true}]}}