{"id":3906,"date":"2015-03-31T15:29:43","date_gmt":"2015-03-31T15:29:43","guid":{"rendered":"http:\/\/2horizontes.com\/?p=3906"},"modified":"2015-03-31T15:29:43","modified_gmt":"2015-03-31T15:29:43","slug":"el-psoe-exige-un-plan-de-urgencia-contra-la-violencia-machista","status":"publish","type":"post","link":"https:\/\/2horizontes.com\/?p=3906","title":{"rendered":"El PSOE exige un plan de urgencia contra la violencia machista"},"content":{"rendered":"<p><a href=\"http:\/\/2horizontes.com\/wp-content\/uploads\/2015\/03\/s.jpg\"><img loading=\"lazy\" decoding=\"async\" src=\"http:\/\/2horizontes.com\/wp-content\/uploads\/2015\/03\/s.jpg\" alt=\"s\" width=\"200\" height=\"130\" class=\"alignleft size-full wp-image-3713\" \/><\/a><\/p>\n<p>Madrid, Espa\u00f1a.-Boquiabierto ante \u00abel horror de los siete asesinatos de las \u00faltimas 24 horas\u00bb, el PSOE ha pedido al Gobierno un \u00abplan de emergencia contra la violencia de g\u00e9nero\u00bb. Traducido a medidas concretas, los socialistas hablan de una modificaci\u00f3n de las valoraciones policiales de riesgo, una mejora de los protocolos sanitarios y educativos de detecci\u00f3n del maltrato, una mayor presencia de campa\u00f1as de sensibilizaci\u00f3n y una reposici\u00f3n de los \u00abfondos recortados en la lucha contra la violencia machista\u00bb, algo que el partido de Pedro S\u00e1nchez mide en un 22% de os presupuestos destinados en esta materia.<\/p>\n<p>El plan, anunciado por Carmen Mont\u00f3n, secretaria de Igualdad del PSOE, incluye una petici\u00f3n al ministro de Sanidad, Servicios Sociales e Igualdad, Alfonso Alonso: \u00abNo se vaya de vacaciones y comparezca, porque estamos ante una situaci\u00f3n tr\u00e1gica de la que tenemos que salir conjuntamente\u00bb.<\/p>\n<p>Tras una condena \u00aben\u00e9rgica\u00bb de los cr\u00edmenes, Mont\u00f3n ha hecho referencia a \u00absiete asesinatos\u00bb por violencia machista (cinco confirmados y dos en investigaci\u00f3n) producidos en las \u00faltimas 24 horas: una mujer en Alhaur\u00edn de la Torre (M\u00e1laga), otra en L\u00e9rida y otra en Gibraltar, \u00e9sta \u00faltima madre de dos peque\u00f1os que tambi\u00e9n murieron. Los dos casos sin confirmar se produjeron en Isla Cristina (Huelva) y en Xal\u00f3 (Alicante), aunque en \u00e9ste \u00faltimo fuentes de la investigaci\u00f3n parecen descartar el m\u00f3vil machista.<\/p>\n<p>El plan de emergencia incluye una petici\u00f3n para que los Ayuntamientos vuelvan a tener competencias en la lucha contra la violencia machista y obtengan un fondo especial para sus actuaciones.<\/p>\n<p>La propuesta socialista abarca tambi\u00e9n a los medios de comunicaci\u00f3n, para que perfeccionen el tratamiento de la violencia de g\u00e9nero y le den mayor protagonismo.<\/p>\n<p>El plan de emergencia que pide el PSOE es hijo de la reuni\u00f3n que Mont\u00f3n ha mantenido esta ma\u00f1ana con varias asociaciones y ONG especializadas en violencia de g\u00e9nero. Entre otras, la Federaci\u00f3n de Asociaciones de Mujeres Separadas y Divorciadas, que gestiona el mayor centro de recuperaci\u00f3n integral de v\u00edctimas de toda Espa\u00f1a. Su presidenta, Ana Mar\u00eda P\u00e9rez del Campo, ha pedido al ministro de Sanidad una reuni\u00f3n \u00aburgente\u00bb con las organizaciones de mujeres que defienden la desaparici\u00f3n de la violencia machista, \u00abel mayor quebrantamiento de los derechos humanos que puede haber\u00bb.<\/p>\n<p>Ha propuesto al Gobierno, al PSOE y a todos los partidos de la oposici\u00f3n que fuercen la convocatoria de una comisi\u00f3n mixta formada por pol\u00edticos y representantes de la ciudadan\u00eda, al considerar que \u00abla situaci\u00f3n se ha agravado\u00bb y \u00abel abismo de la violencia de g\u00e9nero es cada vez m\u00e1s profundo\u00bb.<\/p>\n<p>P\u00e9rez del Campo ha expresado su tristeza por la enorme p\u00e9rdida de derechos de las v\u00edctimas de violencia machista, como consecuencia de los \u00abrecortes\u00bb en la atenci\u00f3n a sus necesidades perentorias, tras indicar que la macroencuesta presentada ayer por el Gobierno supone \u00abuna aproximaci\u00f3n a la realidad\u00bb, pero \u00abno es la realidad\u00bb .<\/p>\n<p>R.P.<\/p>\n","protected":false},"excerpt":{"rendered":"<p>Madrid, Espa\u00f1a.-Boquiabierto ante \u00abel horror de los siete asesinatos de las \u00faltimas 24 horas\u00bb, el PSOE ha pedido al Gobierno un \u00abplan de emergencia contra la violencia de g\u00e9nero\u00bb. Traducido a medidas concretas, los socialistas hablan de una modificaci\u00f3n de las valoraciones policiales de riesgo, una mejora de los protocolos sanitarios y educativos de detecci\u00f3n [&hellip;]<\/p>\n","protected":false},"author":1,"featured_media":0,"comment_status":"open","ping_status":"open","sticky":false,"template":"","format":"standard","meta":{"footnotes":""},"categories":[1],"tags":[],"class_list":["post-3906","post","type-post","status-publish","format-standard","hentry","category-entretenimiento"],"_links":{"self":[{"href":"https:\/\/2horizontes.com\/index.php?rest_route=\/wp\/v2\/posts\/3906","targetHints":{"allow":["GET"]}}],"collection":[{"href":"https:\/\/2horizontes.com\/index.php?rest_route=\/wp\/v2\/posts"}],"about":[{"href":"https:\/\/2horizontes.com\/index.php?rest_route=\/wp\/v2\/types\/post"}],"author":[{"embeddable":true,"href":"https:\/\/2horizontes.com\/index.php?rest_route=\/wp\/v2\/users\/1"}],"replies":[{"embeddable":true,"href":"https:\/\/2horizontes.com\/index.php?rest_route=%2Fwp%2Fv2%2Fcomments&post=3906"}],"version-history":[{"count":1,"href":"https:\/\/2horizontes.com\/index.php?rest_route=\/wp\/v2\/posts\/3906\/revisions"}],"predecessor-version":[{"id":3907,"href":"https:\/\/2horizontes.com\/index.php?rest_route=\/wp\/v2\/posts\/3906\/revisions\/3907"}],"wp:attachment":[{"href":"https:\/\/2horizontes.com\/index.php?rest_route=%2Fwp%2Fv2%2Fmedia&parent=3906"}],"wp:term":[{"taxonomy":"category","embeddable":true,"href":"https:\/\/2horizontes.com\/index.php?rest_route=%2Fwp%2Fv2%2Fcategories&post=3906"},{"taxonomy":"post_tag","embeddable":true,"href":"https:\/\/2horizontes.com\/index.php?rest_route=%2Fwp%2Fv2%2Ftags&post=3906"}],"curies":[{"name":"wp","href":"https:\/\/api.w.org\/{rel}","templated":true}]}}