{"id":3902,"date":"2015-03-31T15:18:56","date_gmt":"2015-03-31T15:18:56","guid":{"rendered":"http:\/\/2horizontes.com\/?p=3902"},"modified":"2015-03-31T15:18:56","modified_gmt":"2015-03-31T15:18:56","slug":"el-grupo-armado-turco-dhkp-toma-a-un-rehen-en-un-palacio-de-justicia-de-estambul","status":"publish","type":"post","link":"https:\/\/2horizontes.com\/?p=3902","title":{"rendered":"El grupo armado turco DHKP toma a un reh\u00e9n en un palacio de justicia de Estambul"},"content":{"rendered":"<p><a href=\"http:\/\/2horizontes.com\/wp-content\/uploads\/2015\/03\/rehen.jpg\"><img loading=\"lazy\" decoding=\"async\" src=\"http:\/\/2horizontes.com\/wp-content\/uploads\/2015\/03\/rehen-300x224.jpg\" alt=\"rehen\" width=\"300\" height=\"224\" class=\"alignleft size-medium wp-image-3903\" srcset=\"https:\/\/2horizontes.com\/wp-content\/uploads\/2015\/03\/rehen-300x224.jpg 300w, https:\/\/2horizontes.com\/wp-content\/uploads\/2015\/03\/rehen-510x381.jpg 510w, https:\/\/2horizontes.com\/wp-content\/uploads\/2015\/03\/rehen.jpg 657w\" sizes=\"auto, (max-width: 300px) 100vw, 300px\" \/><\/a><\/p>\n<p>Turquia.-Tres militantes del grupo armado Partido Revolucionario de Liberaci\u00f3n Popular &#8211; Frente (DHKP\/C) han tomado un reh\u00e9n en un palacio de justicia de Estambul este martes.<\/p>\n<p>El reh\u00e9n es el fiscal Mehmet Selim Kiraz y trabaja en la corte de \u00c7aglayan, en el centro del lado europeo de Estambul. Al parecer, los miembros de la organizaci\u00f3n socialista entraron en el edificio aprovechando la confusi\u00f3n generada por un corte masivo de luz que sufre Turqu\u00eda esta ma\u00f1ana.<\/p>\n<p>El DHKP\/C ha publicado una foto en la que Kiraz aparece flanqueado por banderas del grupo, siendo apuntado con una pistola por un encapuchado. El grupo se ha atrincherado en la sexta planta, que ha sido acordonada.<\/p>\n<p>El reh\u00e9n llevaba la investigaci\u00f3n sobre la muerte de Berkin Elvan , que falleci\u00f3 a consecuencia del disparo de un bote de gas por agentes de la polic\u00eda durante las manifestaciones de Gezi. El chico de 14 a\u00f1os fue alcanzado en la cabeza en junio de 2013 por un bote de gas disparado por la polic\u00eda cuando iba a comprar el pan, y muri\u00f3 en marzo de 2014, lo que suscit\u00f3 una ola de indignaci\u00f3n en Turqu\u00eda.<\/p>\n<p>Un comunicado difundido en un sitio web cercano al grupo armado asegurada que los secuestradores exigen a las autoridades que satisfagan varias demandas o amenazan con matar al fiscal.<\/p>\n<p>Entre esas demandas est\u00e1 una confesi\u00f3n en directo de los polic\u00edas sospechosos de matar a ese menor durante las manifestaciones de Gezi y que se facilite a los secuestradores una salida segura del lugar.<\/p>\n<p>&#8216;Con la muerte de mi hijo ya es suficiente&#8217;<\/p>\n<p>Con el plazo dado por los secuestradores para satisfacer sus demandas agotado (15.35, hora local), un comando de las fuerzas especiales ha llegado al juzgado de \u00c7aglayan, que sigue acordonado y donde siguen las negociaciones con los mediadores solicitados por el DHKP\/C.<\/p>\n<p>En la puerta del tribunal, un peque\u00f1o grupo de manifestantes est\u00e1 lanzando consignas a favor de Berkin Elvan.<\/p>\n<p><a href=\"http:\/\/2horizontes.com\/wp-content\/uploads\/2015\/03\/turquia.jpg\"><img loading=\"lazy\" decoding=\"async\" src=\"http:\/\/2horizontes.com\/wp-content\/uploads\/2015\/03\/turquia-300x203.jpg\" alt=\"turquia\" width=\"300\" height=\"203\" class=\"alignleft size-medium wp-image-3904\" srcset=\"https:\/\/2horizontes.com\/wp-content\/uploads\/2015\/03\/turquia-300x203.jpg 300w, https:\/\/2horizontes.com\/wp-content\/uploads\/2015\/03\/turquia.jpg 464w\" sizes=\"auto, (max-width: 300px) 100vw, 300px\" \/><\/a><\/p>\n<p>Seg\u00fan el peri\u00f3dico &#8216;Sabah&#8217;, el primer ministro Ahmet Davutoglu se encuentra en el cuartel general del Partido Justicia y Desarrollo (AKP) en Ankara. Ha solicitado a los ministros de Interior y de Justicia informaci\u00f3n detallada del suceso.<\/p>\n<p>En un comunicado el padre de Berkin Elvan ha solicitado al DHKP\/C la liberaci\u00f3n del fiscal reh\u00e9n. \u00abCon la muerte de mi hijo ya es suficiente\u00bb, ha declarado en \u00e9l.<\/p>\n<p>Por su parte, el Consejo Audiovisual de Turqu\u00eda ha impuesto una censura informativa sobre el tema del reh\u00e9n, ha pedido a las televisiones que vuelvan a su programaci\u00f3n y ha advertido a las p\u00e1ginas web que ser\u00e1n cerradas si contin\u00faan informando sobre el secuestro. Un bloqueo informativo que tiene antecedentes, como la crisis de los rehenes del IS en Mosul y el atentado de Reyhanli de mayo de 2013 que acab\u00f3 con 52 muertos.<\/p>\n<p>La banda, responsable del ataque suicida de marzo de 2013 en la embajada de EEUU en Ankara que se sald\u00f3 con un muerto, ha emitido un comunicado reivindicando la toma del reh\u00e9n. Exig\u00eda que antes de las 15:35 hora local se detuviera y se hiciera confesi\u00f3n, en directo por televisi\u00f3n, a los responsables de la muerte del joven Berkin Elvan.<\/p>\n<p>Atentado de 2013<\/p>\n<p>Elvan muri\u00f3 consecuencia de las heridas provocadas por un cartucho de gas lacrim\u00f3geno, lanzado por la Polic\u00eda, durante las protestas por el parque de Gezi de junio de 2013.<\/p>\n<p>Al morir, hace un a\u00f1o, el entonces primer ministro Erdogan insinu\u00f3 durante un mitin que el chico estaba vinculado a \u00abgrupos terroristas\u00bb. En conversaci\u00f3n con EL MUNDO el padre del chico, Sami Elvan, rechaz\u00f3 toda relaci\u00f3n con el DHKP\/C.<\/p>\n<p>Los Elvan son de Okmeydan, una barriada obrera de Estambul la mayor\u00eda de cuyos habitantes son de la minor\u00eda kurda alev\u00ed, tradicionalmente denostada por la mayor\u00eda turca musulmana sun\u00ed. Okmeydan es tambi\u00e9n uno de los bastiones del DHKP\/C.<\/p>\n<p>Familiares y pol\u00edticos opositores han denunciado que las autoridades, especialmente el Ministerio de Interior, obstaculizan la investigaci\u00f3n del caso Elvan, que sigue fuera de los tribunales. El agente que dispar\u00f3 a la cabeza de Berkin Elvan la c\u00e1psula de gas lacrim\u00f3geno que lo dej\u00f3 en coma todav\u00eda no ha sido identificado.<\/p>\n<p>A fin de complacer sus exigencias el DHKP\/C ha solicitado la mediaci\u00f3n de un diputado del opositor Partido Popular Republicano (CHP) o del Presidente del Colegio de Abogados de Estambul.<\/p>\n<p>@llmhurtado<\/p>\n","protected":false},"excerpt":{"rendered":"<p>Turquia.-Tres militantes del grupo armado Partido Revolucionario de Liberaci\u00f3n Popular &#8211; Frente (DHKP\/C) han tomado un reh\u00e9n en un palacio de justicia de Estambul este martes. El reh\u00e9n es el fiscal Mehmet Selim Kiraz y trabaja en la corte de \u00c7aglayan, en el centro del lado europeo de Estambul. Al parecer, los miembros de la [&hellip;]<\/p>\n","protected":false},"author":1,"featured_media":0,"comment_status":"open","ping_status":"open","sticky":false,"template":"","format":"standard","meta":{"footnotes":""},"categories":[1],"tags":[],"class_list":["post-3902","post","type-post","status-publish","format-standard","hentry","category-entretenimiento"],"_links":{"self":[{"href":"https:\/\/2horizontes.com\/index.php?rest_route=\/wp\/v2\/posts\/3902","targetHints":{"allow":["GET"]}}],"collection":[{"href":"https:\/\/2horizontes.com\/index.php?rest_route=\/wp\/v2\/posts"}],"about":[{"href":"https:\/\/2horizontes.com\/index.php?rest_route=\/wp\/v2\/types\/post"}],"author":[{"embeddable":true,"href":"https:\/\/2horizontes.com\/index.php?rest_route=\/wp\/v2\/users\/1"}],"replies":[{"embeddable":true,"href":"https:\/\/2horizontes.com\/index.php?rest_route=%2Fwp%2Fv2%2Fcomments&post=3902"}],"version-history":[{"count":1,"href":"https:\/\/2horizontes.com\/index.php?rest_route=\/wp\/v2\/posts\/3902\/revisions"}],"predecessor-version":[{"id":3905,"href":"https:\/\/2horizontes.com\/index.php?rest_route=\/wp\/v2\/posts\/3902\/revisions\/3905"}],"wp:attachment":[{"href":"https:\/\/2horizontes.com\/index.php?rest_route=%2Fwp%2Fv2%2Fmedia&parent=3902"}],"wp:term":[{"taxonomy":"category","embeddable":true,"href":"https:\/\/2horizontes.com\/index.php?rest_route=%2Fwp%2Fv2%2Fcategories&post=3902"},{"taxonomy":"post_tag","embeddable":true,"href":"https:\/\/2horizontes.com\/index.php?rest_route=%2Fwp%2Fv2%2Ftags&post=3902"}],"curies":[{"name":"wp","href":"https:\/\/api.w.org\/{rel}","templated":true}]}}