{"id":39011,"date":"2016-01-14T22:37:24","date_gmt":"2016-01-14T21:37:24","guid":{"rendered":"http:\/\/2horizontes.com\/?p=39011"},"modified":"2016-01-14T22:37:24","modified_gmt":"2016-01-14T21:37:24","slug":"la-nieve-cubrira-el-tercio-norte-de-espana-hasta-el-sabado","status":"publish","type":"post","link":"https:\/\/2horizontes.com\/?p=39011","title":{"rendered":"La nieve cubrir\u00e1 el tercio norte de Espa\u00f1a hasta el s\u00e1bado"},"content":{"rendered":"<p>La cota de nieve bajar\u00e1 hasta los 600 metros y, moment\u00e1neamente en la madrugada del viernes al s\u00e1bado, a los 400 metros.<\/p>\n<p>Una masa de aire fr\u00edo traer\u00e1 desde la tarde de este jueves hasta el final del s\u00e1bado las primeras nevadas destacadas del invierno, puesto que se extender\u00e1n por el tercio norte peninsular, donde la cota de nieve bajar\u00e1 puntualmente hasta los 400 metros, e incluso llegar\u00e1n a la isla de Mallorca.<\/p>\n<p>El portavoz de la Agencia Estatal de Meteorolog\u00eda (Aemet), Alejandro Roa, explic\u00f3 este jueves, en declaraciones a Servimedia, que esta situaci\u00f3n se debe a la llegada de flujo de vientos del norte y la posterior entrada de una masa de aire fr\u00edo, lo que se traduce en un descenso de las temperaturas y en precipitaciones en forma de nieve.<\/p>\n<p>Roa indic\u00f3 que ser\u00e1n las primeras \u00abheladas importantes\u00bb de este a\u00f1o e incluso llegar\u00e1n a la Sierra Tramontana de Mallorca, y apunt\u00f3 que \u00abseguramente cuajen\u00bb debido la acusada ca\u00edda de las temperaturas. Adem\u00e1s, el fr\u00edo invernal se impondr\u00e1 este viernes en amplias zonas de la pen\u00ednsula.<\/p>\n<p>\u00abLa cota de nieve bajar\u00e1 hasta los 600 metros y, moment\u00e1neamente en la madrugada del viernes al s\u00e1bado, a los 400 metros\u00bb, a\u00f1adi\u00f3, de manera que las precipitaciones blancas se extender\u00e1n \u00abpr\u00e1cticamente a cualquier altura\u00bb, salvo el litoral.<\/p>\n<p>Indic\u00f3 que esta situaci\u00f3n cambiar\u00e1 a partir del s\u00e1bado por la tarde, cuando \u00abun anticicl\u00f3n descender\u00e1 hacia Espa\u00f1a desde las islas brit\u00e1nicas\u00bb y elevar\u00e1 las temperaturas, con lo que las nevadas se restringir\u00e1n este domingo \u00fanicamente a los Pirineos.<\/p>\n<p>Roa se\u00f1al\u00f3 que las temperaturas subir\u00e1n \u00abmuch\u00edsimo\u00bb el pr\u00f3ximo lunes, d\u00eda en que entrar\u00e1 un frente atl\u00e1ntico por Galicia y dejar\u00e1 lluvias en el noroeste peninsular.<\/p>\n<p>Avisos<\/p>\n<p>Por otro lado, ocho provincias est\u00e1n este jueves en alerta amarilla (riesgo para hacer actividades al aire libre) por nevadas, puesto que la cota de nieve descender\u00e1 a entre 700 y 900 metros. Los avisos se activaron al mediod\u00eda en Burgos, Le\u00f3n y Palencia (Cordillera Cant\u00e1brica), donde la nieve podr\u00e1 acumular hasta 12 cent\u00edmetros de espesor.<\/p>\n<p>Las alertas comenzar\u00e1n a las 15.00 horas en Navarra (Pirineo), donde se esperan hasta 15 cent\u00edmetros; las 16.00 en Lleida (valle de Ar\u00e1n), con 10 cent\u00edmetros, y las 18.00 en Asturias (Cordillera Cant\u00e1brica y Picos de Europa) y Cantabria (Li\u00e9bana y Cantabria del Ebro), con 12 cent\u00edmetros.<\/p>\n<p>A partir de las 21.00 se activar\u00e1 la primera alerta naranja (riesgo importante) del invierno por nevadas, concretamente en Cantabria (centro y Valle de Villaverde), donde habr\u00e1 hasta 15 cent\u00edmetros de nieve.<\/p>\n<p>Las nevadas se intensificar\u00e1n el viernes y el s\u00e1bado en el Cant\u00e1brico oriental y el Pirineo occidental, que estar\u00e1n en alerta naranja, y se extender\u00e1n a otras provincias, como Soria, La Rioja y Huesca, e incluso la Sierra Tramontana de Mallorca.<\/p>\n<p>Ante la previsi\u00f3n de nieve, la Direcci\u00f3n General de Protecci\u00f3n Civil y Emergencias, del Ministerio del Interior, recomend\u00f3 a los ciudadanos estar atentos y tener cuidado con las placas de hielo en las carreteras, informarse de la situaci\u00f3n meteorol\u00f3gica y el estado de las v\u00edas, extremar las precauciones; revisar los neum\u00e1ticos, el anticongelante y los frenos; llenar el dep\u00f3sito de gasolina y llevar ropa de abrigo y un tel\u00e9fono m\u00f3vil con bater\u00eda de recambio o cargador para el coche.<\/p>\n","protected":false},"excerpt":{"rendered":"<p>La cota de nieve bajar\u00e1 hasta los 600 metros y, moment\u00e1neamente en la madrugada del viernes al s\u00e1bado, a los 400 metros. Una masa de aire fr\u00edo traer\u00e1 desde la tarde de este jueves hasta el final del s\u00e1bado las primeras nevadas destacadas del invierno, puesto que se extender\u00e1n por el tercio norte peninsular, donde [&hellip;]<\/p>\n","protected":false},"author":3,"featured_media":39012,"comment_status":"open","ping_status":"open","sticky":false,"template":"","format":"standard","meta":{"footnotes":""},"categories":[85],"tags":[],"class_list":["post-39011","post","type-post","status-publish","format-standard","has-post-thumbnail","hentry","category-espana"],"_links":{"self":[{"href":"https:\/\/2horizontes.com\/index.php?rest_route=\/wp\/v2\/posts\/39011","targetHints":{"allow":["GET"]}}],"collection":[{"href":"https:\/\/2horizontes.com\/index.php?rest_route=\/wp\/v2\/posts"}],"about":[{"href":"https:\/\/2horizontes.com\/index.php?rest_route=\/wp\/v2\/types\/post"}],"author":[{"embeddable":true,"href":"https:\/\/2horizontes.com\/index.php?rest_route=\/wp\/v2\/users\/3"}],"replies":[{"embeddable":true,"href":"https:\/\/2horizontes.com\/index.php?rest_route=%2Fwp%2Fv2%2Fcomments&post=39011"}],"version-history":[{"count":1,"href":"https:\/\/2horizontes.com\/index.php?rest_route=\/wp\/v2\/posts\/39011\/revisions"}],"predecessor-version":[{"id":39013,"href":"https:\/\/2horizontes.com\/index.php?rest_route=\/wp\/v2\/posts\/39011\/revisions\/39013"}],"wp:featuredmedia":[{"embeddable":true,"href":"https:\/\/2horizontes.com\/index.php?rest_route=\/wp\/v2\/media\/39012"}],"wp:attachment":[{"href":"https:\/\/2horizontes.com\/index.php?rest_route=%2Fwp%2Fv2%2Fmedia&parent=39011"}],"wp:term":[{"taxonomy":"category","embeddable":true,"href":"https:\/\/2horizontes.com\/index.php?rest_route=%2Fwp%2Fv2%2Fcategories&post=39011"},{"taxonomy":"post_tag","embeddable":true,"href":"https:\/\/2horizontes.com\/index.php?rest_route=%2Fwp%2Fv2%2Ftags&post=39011"}],"curies":[{"name":"wp","href":"https:\/\/api.w.org\/{rel}","templated":true}]}}