{"id":39008,"date":"2016-01-14T22:33:13","date_gmt":"2016-01-14T21:33:13","guid":{"rendered":"http:\/\/2horizontes.com\/?p=39008"},"modified":"2016-01-14T22:33:13","modified_gmt":"2016-01-14T21:33:13","slug":"tres-heridos-en-un-choque-frontal-entre-dos-turismos-en-hoyo-de-manzanares","status":"publish","type":"post","link":"https:\/\/2horizontes.com\/?p=39008","title":{"rendered":"Tres heridos en un choque frontal entre dos turismos en Hoyo de Manzanares"},"content":{"rendered":"<p>Tres personas han resultado heridas de diversa consideraci\u00f3n como consecuencia de un choque frontal entre dos turismos ocurrido este jueves en Hoyo de Manzanares, ha informado un portavoz de Emergencias Comunidad de Madrid 112.<\/p>\n<p>El accidente tuvo lugar minutos antes de las 16.10 horas de este jueves. Por causas que a\u00fan se desconocen dos veh\u00edculos han impactado en el kil\u00f3metro 19 de dicha carretera.<\/p>\n<p>Hasta el lugar ha acudido tres dotaciones de Bomberos de la Comunidad y varias \u00faviles m\u00f3viles del Summa-112.<\/p>\n<p>Cuando han llegado los sanitarios no han encontrado personas atrapadas, aunque s\u00ed heridos.<\/p>\n<p>En uno de los coches hab\u00eda un var\u00f3n de 70 a\u00f1os, que presentaba un traumatismo craneoencef\u00e1lico de leve a moderado, y ha sido trasladado al Hospital Puerta de Hierro de Madrid, donde ha entrado con pron\u00f3stico reservado pendiente de valorar en el centro.<\/p>\n<p>Asimismo, han asistido a una mujer de 70 a\u00f1os y a un var\u00f3n de 50 que presentaban policontusiones. Han sido trasladados tambi\u00e9n al Hospital Puerta de Hierro, donde han ingresado con pron\u00f3stico leve.<\/p>\n<p>Ante el aumento de accidente de este tipo en los \u00faltimos d\u00edas, el 112 ha hecho en redes sociales un llamamiento a la precauci\u00f3n de los conductores. Especialmente, han recomendado aumentar distancia de seguridad y reducir velocidad.<\/p>\n","protected":false},"excerpt":{"rendered":"<p>Tres personas han resultado heridas de diversa consideraci\u00f3n como consecuencia de un choque frontal entre dos turismos ocurrido este jueves en Hoyo de Manzanares, ha informado un portavoz de Emergencias Comunidad de Madrid 112. El accidente tuvo lugar minutos antes de las 16.10 horas de este jueves. Por causas que a\u00fan se desconocen dos veh\u00edculos [&hellip;]<\/p>\n","protected":false},"author":3,"featured_media":39009,"comment_status":"open","ping_status":"open","sticky":false,"template":"","format":"standard","meta":{"footnotes":""},"categories":[85],"tags":[],"class_list":["post-39008","post","type-post","status-publish","format-standard","has-post-thumbnail","hentry","category-espana"],"_links":{"self":[{"href":"https:\/\/2horizontes.com\/index.php?rest_route=\/wp\/v2\/posts\/39008","targetHints":{"allow":["GET"]}}],"collection":[{"href":"https:\/\/2horizontes.com\/index.php?rest_route=\/wp\/v2\/posts"}],"about":[{"href":"https:\/\/2horizontes.com\/index.php?rest_route=\/wp\/v2\/types\/post"}],"author":[{"embeddable":true,"href":"https:\/\/2horizontes.com\/index.php?rest_route=\/wp\/v2\/users\/3"}],"replies":[{"embeddable":true,"href":"https:\/\/2horizontes.com\/index.php?rest_route=%2Fwp%2Fv2%2Fcomments&post=39008"}],"version-history":[{"count":1,"href":"https:\/\/2horizontes.com\/index.php?rest_route=\/wp\/v2\/posts\/39008\/revisions"}],"predecessor-version":[{"id":39010,"href":"https:\/\/2horizontes.com\/index.php?rest_route=\/wp\/v2\/posts\/39008\/revisions\/39010"}],"wp:featuredmedia":[{"embeddable":true,"href":"https:\/\/2horizontes.com\/index.php?rest_route=\/wp\/v2\/media\/39009"}],"wp:attachment":[{"href":"https:\/\/2horizontes.com\/index.php?rest_route=%2Fwp%2Fv2%2Fmedia&parent=39008"}],"wp:term":[{"taxonomy":"category","embeddable":true,"href":"https:\/\/2horizontes.com\/index.php?rest_route=%2Fwp%2Fv2%2Fcategories&post=39008"},{"taxonomy":"post_tag","embeddable":true,"href":"https:\/\/2horizontes.com\/index.php?rest_route=%2Fwp%2Fv2%2Ftags&post=39008"}],"curies":[{"name":"wp","href":"https:\/\/api.w.org\/{rel}","templated":true}]}}