{"id":39002,"date":"2016-01-14T19:06:01","date_gmt":"2016-01-14T18:06:01","guid":{"rendered":"http:\/\/2horizontes.com\/?p=39002"},"modified":"2016-01-14T19:06:01","modified_gmt":"2016-01-14T18:06:01","slug":"se-forma-huracan-alex-en-el-atlantico-fuera-de-temporada","status":"publish","type":"post","link":"https:\/\/2horizontes.com\/?p=39002","title":{"rendered":"Se forma hurac\u00e1n Alex en el Atl\u00e1ntico fuera de temporada"},"content":{"rendered":"<p><strong>MIAMI (AP) \u2014<\/strong> El hurac\u00e1n Alex se form\u00f3 en el oc\u00e9ano Atl\u00e1ntico, por lo cual se lanz\u00f3 una advertencia de hurac\u00e1n en las islas Azores.<\/p>\n<div>\n<p>Los vientos m\u00e1ximos sostenidos del hurac\u00e1n se acercaban a los 140 kil\u00f3metros por hora (85 millas por hora) la ma\u00f1ana del jueves.<\/p>\n<p>Su centro se ubicaba a unos 790 kil\u00f3metros (490 millas) al sur de la isla Faial al centro de las Azores y se mov\u00eda hacia el norte-noreste a casi 31 kph (20 mph).<\/p>\n<p>El Centro Nacional de Huracanes dijo que Alex se mover\u00e1 hacia partes de las Azores para el viernes.<\/p>\n<div><\/div>\n<\/div>\n<p>&nbsp;<\/p>\n","protected":false},"excerpt":{"rendered":"<p>MIAMI (AP) \u2014 El hurac\u00e1n Alex se form\u00f3 en el oc\u00e9ano Atl\u00e1ntico, por lo cual se lanz\u00f3 una advertencia de hurac\u00e1n en las islas Azores. Los vientos m\u00e1ximos sostenidos del hurac\u00e1n se acercaban a los 140 kil\u00f3metros por hora (85 millas por hora) la ma\u00f1ana del jueves. Su centro se ubicaba a unos 790 kil\u00f3metros [&hellip;]<\/p>\n","protected":false},"author":8,"featured_media":39003,"comment_status":"open","ping_status":"open","sticky":false,"template":"","format":"standard","meta":{"footnotes":""},"categories":[40],"tags":[],"class_list":["post-39002","post","type-post","status-publish","format-standard","has-post-thumbnail","hentry","category-internacionales"],"_links":{"self":[{"href":"https:\/\/2horizontes.com\/index.php?rest_route=\/wp\/v2\/posts\/39002","targetHints":{"allow":["GET"]}}],"collection":[{"href":"https:\/\/2horizontes.com\/index.php?rest_route=\/wp\/v2\/posts"}],"about":[{"href":"https:\/\/2horizontes.com\/index.php?rest_route=\/wp\/v2\/types\/post"}],"author":[{"embeddable":true,"href":"https:\/\/2horizontes.com\/index.php?rest_route=\/wp\/v2\/users\/8"}],"replies":[{"embeddable":true,"href":"https:\/\/2horizontes.com\/index.php?rest_route=%2Fwp%2Fv2%2Fcomments&post=39002"}],"version-history":[{"count":1,"href":"https:\/\/2horizontes.com\/index.php?rest_route=\/wp\/v2\/posts\/39002\/revisions"}],"predecessor-version":[{"id":39004,"href":"https:\/\/2horizontes.com\/index.php?rest_route=\/wp\/v2\/posts\/39002\/revisions\/39004"}],"wp:featuredmedia":[{"embeddable":true,"href":"https:\/\/2horizontes.com\/index.php?rest_route=\/wp\/v2\/media\/39003"}],"wp:attachment":[{"href":"https:\/\/2horizontes.com\/index.php?rest_route=%2Fwp%2Fv2%2Fmedia&parent=39002"}],"wp:term":[{"taxonomy":"category","embeddable":true,"href":"https:\/\/2horizontes.com\/index.php?rest_route=%2Fwp%2Fv2%2Fcategories&post=39002"},{"taxonomy":"post_tag","embeddable":true,"href":"https:\/\/2horizontes.com\/index.php?rest_route=%2Fwp%2Fv2%2Ftags&post=39002"}],"curies":[{"name":"wp","href":"https:\/\/api.w.org\/{rel}","templated":true}]}}