{"id":38995,"date":"2016-01-14T18:20:04","date_gmt":"2016-01-14T17:20:04","guid":{"rendered":"http:\/\/2horizontes.com\/?p=38995"},"modified":"2016-01-14T18:20:04","modified_gmt":"2016-01-14T17:20:04","slug":"se-entrega-el-malon-joven-vinculado-a-homicidio-de-cuatro-personas-en-constanza-rd","status":"publish","type":"post","link":"https:\/\/2horizontes.com\/?p=38995","title":{"rendered":"Se entrega EL MALON  joven vinculado a homicidio de cuatro personas en Constanza RD"},"content":{"rendered":"<p>RD- CONSTANZA-Se entreg\u00f3 en la Fiscal\u00eda de Constanza el joven Ricardo B\u00e1ez S\u00e1nchez, alias El Mal\u00f3n, quien era buscado por la Polic\u00eda por su presunta vinculaci\u00f3n con la muerte de cuatro personas, \u00a0hechos sucedidos en Los Cerros del citado municipio perteneciente a la provincia La Vega.<br \/>\nEl joven se entreg\u00f3 a trav\u00e9s del director de la junta distrital La Sabina, Pedro La Marche.<\/p>\n<p>B\u00e1ez S\u00e1nchez era buscado por la Polic\u00eda por su supuesta participaci\u00f3n en la ri\u00f1a en la que resultaron muertos por heridas de arma blanca Jos\u00e9 Rosario, de 37 a\u00f1os ; Nazario Peralta Collado y Junior Lagares Castillo el pasado 26 de diciembre.<\/p>\n<p>Mientras que una cuarta persona, identificada como Ferm\u00edn B\u00e1ez Familia, de 69 a\u00f1os, muri\u00f3 totalmente carbonizado en el interior de la camioneta Toyota, a la cual prendieron fuego en medio de la trifulca.<\/p>\n<p>Por el hecho ya hab\u00edan sido apresados Ruddy B\u00e1ez S\u00e1nchez y Seraf\u00edn Ram\u00edrez Reyes, quienes habr\u00edan participado,\u00a0junto a Ricardo Arias y Marcos El Mal\u00f3n, este \u00faltimo entregado hoy.<\/p>\n<p>&nbsp;<\/p>\n<p style=\"text-align: left\">\n","protected":false},"excerpt":{"rendered":"<p>RD- CONSTANZA-Se entreg\u00f3 en la Fiscal\u00eda de Constanza el joven Ricardo B\u00e1ez S\u00e1nchez, alias El Mal\u00f3n, quien era buscado por la Polic\u00eda por su presunta vinculaci\u00f3n con la muerte de cuatro personas, \u00a0hechos sucedidos en Los Cerros del citado municipio perteneciente a la provincia La Vega. El joven se entreg\u00f3 a trav\u00e9s del director de [&hellip;]<\/p>\n","protected":false},"author":8,"featured_media":38996,"comment_status":"open","ping_status":"open","sticky":false,"template":"","format":"standard","meta":{"footnotes":""},"categories":[53,44],"tags":[],"class_list":["post-38995","post","type-post","status-publish","format-standard","has-post-thumbnail","hentry","category-provincias","category-republica-dominicana"],"_links":{"self":[{"href":"https:\/\/2horizontes.com\/index.php?rest_route=\/wp\/v2\/posts\/38995","targetHints":{"allow":["GET"]}}],"collection":[{"href":"https:\/\/2horizontes.com\/index.php?rest_route=\/wp\/v2\/posts"}],"about":[{"href":"https:\/\/2horizontes.com\/index.php?rest_route=\/wp\/v2\/types\/post"}],"author":[{"embeddable":true,"href":"https:\/\/2horizontes.com\/index.php?rest_route=\/wp\/v2\/users\/8"}],"replies":[{"embeddable":true,"href":"https:\/\/2horizontes.com\/index.php?rest_route=%2Fwp%2Fv2%2Fcomments&post=38995"}],"version-history":[{"count":1,"href":"https:\/\/2horizontes.com\/index.php?rest_route=\/wp\/v2\/posts\/38995\/revisions"}],"predecessor-version":[{"id":38997,"href":"https:\/\/2horizontes.com\/index.php?rest_route=\/wp\/v2\/posts\/38995\/revisions\/38997"}],"wp:featuredmedia":[{"embeddable":true,"href":"https:\/\/2horizontes.com\/index.php?rest_route=\/wp\/v2\/media\/38996"}],"wp:attachment":[{"href":"https:\/\/2horizontes.com\/index.php?rest_route=%2Fwp%2Fv2%2Fmedia&parent=38995"}],"wp:term":[{"taxonomy":"category","embeddable":true,"href":"https:\/\/2horizontes.com\/index.php?rest_route=%2Fwp%2Fv2%2Fcategories&post=38995"},{"taxonomy":"post_tag","embeddable":true,"href":"https:\/\/2horizontes.com\/index.php?rest_route=%2Fwp%2Fv2%2Ftags&post=38995"}],"curies":[{"name":"wp","href":"https:\/\/api.w.org\/{rel}","templated":true}]}}