{"id":38977,"date":"2016-01-14T16:45:27","date_gmt":"2016-01-14T15:45:27","guid":{"rendered":"http:\/\/2horizontes.com\/?p=38977"},"modified":"2016-01-14T16:45:27","modified_gmt":"2016-01-14T15:45:27","slug":"dictan-tres-meses-otra-vez-al-regidor-por-pedro-brand-rd","status":"publish","type":"post","link":"https:\/\/2horizontes.com\/?p=38977","title":{"rendered":"Dictan tres meses otra vez al regidor por Pedro Brand RD"},"content":{"rendered":"<p>RD- SANTO DOMINGO-Vuelven a dictar otros tres meses de prisi\u00f3n preventiva al regidor por Pedro Brand, Erison de los Santos Sol\u00eds, esta vez en calidad de c\u00f3mplice del asesinato de Vladimir Estarlin Mart\u00ednez Ruiz, en diciembre del 2014.<\/p>\n<p>El juez de la Oficina de Atenci\u00f3n Permanente de la provincia Santo Domingo, Julio Aybar, impuso ayer tres meses de prisi\u00f3n al regidor los cuales deber\u00e1n ser cumplidos en el centro de Correcci\u00f3n y Rehabilitaci\u00f3n de San Pedro de Macor\u00eds, donde fue enviado por la muerte del teniente Zen\u00f3n de \u00d3leo Montero, en el 2006.<\/p>\n<p>La fiscal\u00eda acusa de dar muerte a Mart\u00ednez Ruiz, al ex sargento policial Amaury Cabrera Mart\u00ednez, a quien se le impuso medida de coerci\u00f3n y tambi\u00e9n es vinculado a la red de sicarios que asesina choferes supuestamente encabezada por De los Santos Sol\u00eds.<\/p>\n<p>Ayer, la Corte de Apelaci\u00f3n aplaz\u00f3 para el 27 de enero el recurso que interpuso el regidor a la prisi\u00f3n que le fue dictada por la muerte de Zen\u00f3n de Oleo.<\/p>\n","protected":false},"excerpt":{"rendered":"<p>RD- SANTO DOMINGO-Vuelven a dictar otros tres meses de prisi\u00f3n preventiva al regidor por Pedro Brand, Erison de los Santos Sol\u00eds, esta vez en calidad de c\u00f3mplice del asesinato de Vladimir Estarlin Mart\u00ednez Ruiz, en diciembre del 2014. El juez de la Oficina de Atenci\u00f3n Permanente de la provincia Santo Domingo, Julio Aybar, impuso ayer [&hellip;]<\/p>\n","protected":false},"author":8,"featured_media":38978,"comment_status":"open","ping_status":"open","sticky":false,"template":"","format":"standard","meta":{"footnotes":""},"categories":[43,44],"tags":[],"class_list":["post-38977","post","type-post","status-publish","format-standard","has-post-thumbnail","hentry","category-politica","category-republica-dominicana"],"_links":{"self":[{"href":"https:\/\/2horizontes.com\/index.php?rest_route=\/wp\/v2\/posts\/38977","targetHints":{"allow":["GET"]}}],"collection":[{"href":"https:\/\/2horizontes.com\/index.php?rest_route=\/wp\/v2\/posts"}],"about":[{"href":"https:\/\/2horizontes.com\/index.php?rest_route=\/wp\/v2\/types\/post"}],"author":[{"embeddable":true,"href":"https:\/\/2horizontes.com\/index.php?rest_route=\/wp\/v2\/users\/8"}],"replies":[{"embeddable":true,"href":"https:\/\/2horizontes.com\/index.php?rest_route=%2Fwp%2Fv2%2Fcomments&post=38977"}],"version-history":[{"count":1,"href":"https:\/\/2horizontes.com\/index.php?rest_route=\/wp\/v2\/posts\/38977\/revisions"}],"predecessor-version":[{"id":38979,"href":"https:\/\/2horizontes.com\/index.php?rest_route=\/wp\/v2\/posts\/38977\/revisions\/38979"}],"wp:featuredmedia":[{"embeddable":true,"href":"https:\/\/2horizontes.com\/index.php?rest_route=\/wp\/v2\/media\/38978"}],"wp:attachment":[{"href":"https:\/\/2horizontes.com\/index.php?rest_route=%2Fwp%2Fv2%2Fmedia&parent=38977"}],"wp:term":[{"taxonomy":"category","embeddable":true,"href":"https:\/\/2horizontes.com\/index.php?rest_route=%2Fwp%2Fv2%2Fcategories&post=38977"},{"taxonomy":"post_tag","embeddable":true,"href":"https:\/\/2horizontes.com\/index.php?rest_route=%2Fwp%2Fv2%2Ftags&post=38977"}],"curies":[{"name":"wp","href":"https:\/\/api.w.org\/{rel}","templated":true}]}}