{"id":38973,"date":"2016-01-14T15:41:18","date_gmt":"2016-01-14T14:41:18","guid":{"rendered":"http:\/\/2horizontes.com\/?p=38973"},"modified":"2016-01-14T15:41:18","modified_gmt":"2016-01-14T14:41:18","slug":"avanzan-trabajos-para-el-local-del-911-en-santiago-rd","status":"publish","type":"post","link":"https:\/\/2horizontes.com\/?p=38973","title":{"rendered":"Avanzan trabajos para el local del 911 en Santiago RD"},"content":{"rendered":"<p>RD- SANTIAGO-El edificio que alojar\u00e1 a las instituciones que integrar\u00e1n el sistema 911 en Santiago avanza de forma significativa, mientras en Puerto Plata ni siquiera se ha iniciado el proceso.Los trabajos de construcci\u00f3n del local de dos niveles ubicado en los terrenos del antiguo Aeropuerto Cibao se encuentran en una etapa de un 40 por ciento, debido a que las empresas contratistas reforzaron el personal. El edificio ser\u00eda el primero en su construcci\u00f3n totalmente nueva, pues el de Santo Domingo se hizo en un espacio ya existente.<\/p>\n<p>Las labores son supervisadas directamente por un ingeniero del Ministerio de Obras P\u00fablicas. El terreno que alojar\u00e1 el 911 de Santiago tiene una extensi\u00f3n de 15,000 metros cuadrados, dedicando 5,000 de ellos a construcci\u00f3n, distribuidas en dos niveles, con un dise\u00f1o estructural atendiendo a las m\u00e1s altas exigencias del c\u00f3digo s\u00edsmico.<\/p>\n<p>En visita realizada a finales del pasado a\u00f1o, el ministro de la Presidencia, Gustavo Montalvo, inform\u00f3 que se preparan para iniciar este a\u00f1o desde Santiago como sede Central Norte, las operaciones del 911 en Puerto Plata, Sos\u00faa, Cabarete, Luper\u00f3n y Navarrete. Destac\u00f3 que se trata de un servicio que ha revolucionado la asistencia integral a las emergencias en Santo Domingo y que asumieron el compromiso de privilegiar esta zona con el inicio de su expansi\u00f3n.<\/p>\n<p>Sin embargo, el alcalde de Puerto Plata, Walter Musa, inform\u00f3 a este medio, que la \u00faltima vez que los promotores del 911 fueron a esa ciudad fue en noviembre y desde entonces no han regresado. \u201cAqu\u00ed no est\u00e1n en eso, seg\u00fan lo que puedo ver. Deber\u00edan hacer un edificio para el 911, pienso yo\u201d, indic\u00f3 Musa.<\/p>\n<p>Dijo que al parecer, lo \u00fanico que quieren, es pr\u00e1cticamente una habitaci\u00f3n para poner el centro de monitoreo de las c\u00e1maras. Explic\u00f3 que para ello est\u00e1n concediendo una parte del local donde la alcald\u00eda construye la subestaci\u00f3n de bomberos. Santiago y poblaciones de la zona norte esperan que con la entrada en operaci\u00f3n del 911 disminuyan los hechos delincuenciales y la criminalidad en toda la zona.<\/p>\n","protected":false},"excerpt":{"rendered":"<p>RD- SANTIAGO-El edificio que alojar\u00e1 a las instituciones que integrar\u00e1n el sistema 911 en Santiago avanza de forma significativa, mientras en Puerto Plata ni siquiera se ha iniciado el proceso.Los trabajos de construcci\u00f3n del local de dos niveles ubicado en los terrenos del antiguo Aeropuerto Cibao se encuentran en una etapa de un 40 por [&hellip;]<\/p>\n","protected":false},"author":8,"featured_media":38974,"comment_status":"open","ping_status":"open","sticky":false,"template":"","format":"standard","meta":{"footnotes":""},"categories":[53,44],"tags":[],"class_list":["post-38973","post","type-post","status-publish","format-standard","has-post-thumbnail","hentry","category-provincias","category-republica-dominicana"],"_links":{"self":[{"href":"https:\/\/2horizontes.com\/index.php?rest_route=\/wp\/v2\/posts\/38973","targetHints":{"allow":["GET"]}}],"collection":[{"href":"https:\/\/2horizontes.com\/index.php?rest_route=\/wp\/v2\/posts"}],"about":[{"href":"https:\/\/2horizontes.com\/index.php?rest_route=\/wp\/v2\/types\/post"}],"author":[{"embeddable":true,"href":"https:\/\/2horizontes.com\/index.php?rest_route=\/wp\/v2\/users\/8"}],"replies":[{"embeddable":true,"href":"https:\/\/2horizontes.com\/index.php?rest_route=%2Fwp%2Fv2%2Fcomments&post=38973"}],"version-history":[{"count":1,"href":"https:\/\/2horizontes.com\/index.php?rest_route=\/wp\/v2\/posts\/38973\/revisions"}],"predecessor-version":[{"id":38975,"href":"https:\/\/2horizontes.com\/index.php?rest_route=\/wp\/v2\/posts\/38973\/revisions\/38975"}],"wp:featuredmedia":[{"embeddable":true,"href":"https:\/\/2horizontes.com\/index.php?rest_route=\/wp\/v2\/media\/38974"}],"wp:attachment":[{"href":"https:\/\/2horizontes.com\/index.php?rest_route=%2Fwp%2Fv2%2Fmedia&parent=38973"}],"wp:term":[{"taxonomy":"category","embeddable":true,"href":"https:\/\/2horizontes.com\/index.php?rest_route=%2Fwp%2Fv2%2Fcategories&post=38973"},{"taxonomy":"post_tag","embeddable":true,"href":"https:\/\/2horizontes.com\/index.php?rest_route=%2Fwp%2Fv2%2Ftags&post=38973"}],"curies":[{"name":"wp","href":"https:\/\/api.w.org\/{rel}","templated":true}]}}