{"id":3897,"date":"2015-03-31T15:02:19","date_gmt":"2015-03-31T15:02:19","guid":{"rendered":"http:\/\/2horizontes.com\/?p=3897"},"modified":"2015-03-31T15:04:22","modified_gmt":"2015-03-31T15:04:22","slug":"la-identificacion-de-las-victimas-del-avion-de-germanwings-se-realizara-antes-de-que-acabe-esta-semana","status":"publish","type":"post","link":"https:\/\/2horizontes.com\/?p=3897","title":{"rendered":"La identificaci\u00f3n de las v\u00edctimas del avi\u00f3n de Germanwings se realizar\u00e1 antes de que acabe esta semana"},"content":{"rendered":"<p><a href=\"http:\/\/2horizontes.com\/wp-content\/uploads\/2015\/03\/victimasavion.jpg\"><img loading=\"lazy\" decoding=\"async\" src=\"http:\/\/2horizontes.com\/wp-content\/uploads\/2015\/03\/victimasavion-300x194.jpg\" alt=\"victimasavion\" width=\"300\" height=\"194\" class=\"alignleft size-medium wp-image-3898\" srcset=\"https:\/\/2horizontes.com\/wp-content\/uploads\/2015\/03\/victimasavion-300x194.jpg 300w, https:\/\/2horizontes.com\/wp-content\/uploads\/2015\/03\/victimasavion-510x331.jpg 510w, https:\/\/2horizontes.com\/wp-content\/uploads\/2015\/03\/victimasavion.jpg 657w\" sizes=\"auto, (max-width: 300px) 100vw, 300px\" \/><\/a><br \/>\nUn forense examina una de las muestras de ADN tomada de una de las v\u00edctimas del avi\u00f3n.<\/p>\n<p>Francia.-El presidente franc\u00e9s, Fran\u00e7ois Hollande, asegur\u00f3 este martes que conf\u00eda en que esta misma semana se pueda concluir la confirmaci\u00f3n de la lista de las 150 personas que viajaban en el avi\u00f3n que se estrell\u00f3 en los Alpes franceses.<\/p>\n<p>\u00abEl Ministerio de Interior franc\u00e9s ha confirmado que a final de la semana, como muy tarde, ser\u00e1 posible identificar a la v\u00edctimas gracias a las muestras de ADN\u00bb, ha anunciado durante una rueda de prensa que sigui\u00f3 a su reuni\u00f3n en Berl\u00edn con la canciller alemana, Angela Merkel, celebrada dentro del marco del d\u00e9cimo s\u00e9ptimo consejo de ministros franco-alem\u00e1n.<\/p>\n<p>Hollande explic\u00f3 que con la libertad de circulaci\u00f3n de personas dentro del espacio Shengen, resulta complejo completar el proceso de identificaci\u00f3n de todos los pasajeros, pero que se est\u00e1n realizando avances.<\/p>\n<p>Seg\u00fan datos provisionales del Ministerio de Asuntos Exteriores alem\u00e1n, en el Airbus 320 de la aerol\u00ednea de bajo coste Germanwings, filial de Lufthansa, viajaban 75 alemanes, 52 espa\u00f1oles, 3 argentinos, 3 estadounidenses y 17 personas de 12 nacionalidades distintas.<\/p>\n<p>A la vista de la tragedia a\u00e9rea en los Alpes, Hollande avanz\u00f3 que Francia y Alemania est\u00e1n estudiando \u00abmejorar\u00bb y \u00abreforzar\u00bb las reglas sobre seguridad en los vuelos. Por un lado, indic\u00f3, ser\u00eda conveniente contar con registros completos de todas las personas que vuelan.<\/p>\n<p>Adem\u00e1s, habr\u00eda que revisar los protocolos de seguridad en la cabina de los pilotos, para evitar que se repitan acciones como la que presuntamente tuvo lugar en la tragedia a\u00e9rea del avi\u00f3n de Germanwings.<\/p>\n<p>Las fiscal\u00edas alemana y francesa, trabajan sobre la hip\u00f3tesis de que el copiloto, Andreas Lubitz, estrell\u00f3 de forma voluntaria el aparato contra los Alpes tras encerrarse s\u00f3lo en la cabina aprovechando que el capit\u00e1n abandon\u00f3 su puesto unos minutos.<\/p>\n<p>Paralelamente, el Gobierno ha instalado en Barcelona una oficina presencial, con sede en la Delegaci\u00f3n del Gobierno, para atender a las familias de las v\u00edctimas del accidente, dado que la mayor\u00eda de los fallecidos resid\u00edan en Catalunya.<\/p>\n<p>En esta oficina, los familiares de las v\u00edctimas podr\u00e1n resolver todas las cuestiones administrativas que planteen, siempre con el asesoramiento de trabajadores sociales y especialistas de la Seguridad Social y de la Agencia Tributaria.<\/p>\n<p>R.P.<\/p>\n","protected":false},"excerpt":{"rendered":"<p>Un forense examina una de las muestras de ADN tomada de una de las v\u00edctimas del avi\u00f3n. Francia.-El presidente franc\u00e9s, Fran\u00e7ois Hollande, asegur\u00f3 este martes que conf\u00eda en que esta misma semana se pueda concluir la confirmaci\u00f3n de la lista de las 150 personas que viajaban en el avi\u00f3n que se estrell\u00f3 en los Alpes [&hellip;]<\/p>\n","protected":false},"author":1,"featured_media":0,"comment_status":"open","ping_status":"open","sticky":false,"template":"","format":"standard","meta":{"footnotes":""},"categories":[1],"tags":[],"class_list":["post-3897","post","type-post","status-publish","format-standard","hentry","category-entretenimiento"],"_links":{"self":[{"href":"https:\/\/2horizontes.com\/index.php?rest_route=\/wp\/v2\/posts\/3897","targetHints":{"allow":["GET"]}}],"collection":[{"href":"https:\/\/2horizontes.com\/index.php?rest_route=\/wp\/v2\/posts"}],"about":[{"href":"https:\/\/2horizontes.com\/index.php?rest_route=\/wp\/v2\/types\/post"}],"author":[{"embeddable":true,"href":"https:\/\/2horizontes.com\/index.php?rest_route=\/wp\/v2\/users\/1"}],"replies":[{"embeddable":true,"href":"https:\/\/2horizontes.com\/index.php?rest_route=%2Fwp%2Fv2%2Fcomments&post=3897"}],"version-history":[{"count":3,"href":"https:\/\/2horizontes.com\/index.php?rest_route=\/wp\/v2\/posts\/3897\/revisions"}],"predecessor-version":[{"id":3901,"href":"https:\/\/2horizontes.com\/index.php?rest_route=\/wp\/v2\/posts\/3897\/revisions\/3901"}],"wp:attachment":[{"href":"https:\/\/2horizontes.com\/index.php?rest_route=%2Fwp%2Fv2%2Fmedia&parent=3897"}],"wp:term":[{"taxonomy":"category","embeddable":true,"href":"https:\/\/2horizontes.com\/index.php?rest_route=%2Fwp%2Fv2%2Fcategories&post=3897"},{"taxonomy":"post_tag","embeddable":true,"href":"https:\/\/2horizontes.com\/index.php?rest_route=%2Fwp%2Fv2%2Ftags&post=3897"}],"curies":[{"name":"wp","href":"https:\/\/api.w.org\/{rel}","templated":true}]}}