{"id":3894,"date":"2015-03-31T14:53:39","date_gmt":"2015-03-31T14:53:39","guid":{"rendered":"http:\/\/2horizontes.com\/?p=3894"},"modified":"2015-03-31T14:53:39","modified_gmt":"2015-03-31T14:53:39","slug":"encuentran-el-cadaver-del-deportista-lalo-garcia-en-el-rio-pisuerga","status":"publish","type":"post","link":"https:\/\/2horizontes.com\/?p=3894","title":{"rendered":"Encuentran el cad\u00e1ver del deportista Lalo Garc\u00eda en el r\u00edo Pisuerga"},"content":{"rendered":"<p><a href=\"http:\/\/2horizontes.com\/wp-content\/uploads\/2015\/03\/lalo.jpg\"><img loading=\"lazy\" decoding=\"async\" src=\"http:\/\/2horizontes.com\/wp-content\/uploads\/2015\/03\/lalo-300x202.jpg\" alt=\"lalo\" width=\"300\" height=\"202\" class=\"alignleft size-medium wp-image-3895\" srcset=\"https:\/\/2horizontes.com\/wp-content\/uploads\/2015\/03\/lalo-300x202.jpg 300w, https:\/\/2horizontes.com\/wp-content\/uploads\/2015\/03\/lalo-510x343.jpg 510w, https:\/\/2horizontes.com\/wp-content\/uploads\/2015\/03\/lalo.jpg 657w\" sizes=\"auto, (max-width: 300px) 100vw, 300px\" \/><\/a><\/p>\n<p>Castilla y Leon.-Unos pirag\u00fcistas han hallado esta ma\u00f1ana en las inmediaciones del polideportivo Pisuerga de Valladolid, el cad\u00e1ver de un hombre de caracter\u00edsticas f\u00edsicas similares a las del ex jugador de baloncesto del F\u00f3rum Filat\u00e9lico Lalo Garc\u00eda, desaparecido desde el pasado 4 de marzo.<\/p>\n<p>\u00abTodos los indicios apuntan a que el cad\u00e1ver es el del deportista\u00bb, seg\u00fan informado fuentes policiales, aunque debido al estado de descomposici\u00f3n no se sabr\u00e1 completamente hasta que se realicen la autopsia y las pruebas de ADN.<\/p>\n<p>El hallazgo se ha producido en torno a las 12.30 horas a la altura del puente de Juan de Austria, aunque el rescate del cad\u00e1ver se ha llevado a cabo a la altura de la calle Pedro Mazuecos, zona m\u00e1s accesible para las labores de rescate.<\/p>\n<p>Fuentes de la Subdelegaci\u00f3n del Gobierno en Valladolid han explicado que en este momento hay tres personas desaparecidas en esta provincia, dos de ellas hombres, entre quienes figura Lalo Garc\u00eda y otro var\u00f3n que \u00abtambi\u00e9n es de tama\u00f1o grande\u00bb, por lo que las autoridades est\u00e1n a la espera de que alg\u00fan familiar y los forenses esclarezcan la identidad.<\/p>\n<p>En el lugar del hallazgo, ante decenas de personas, el juez ha autorizado ya el levantamiento del cad\u00e1ver y su traslado al Instituto Anat\u00f3mico Forense, donde se realizar\u00e1 la autopsia.<\/p>\n<p>El tambi\u00e9n ex jugador de baloncesto Mike Hansen, cuya hermana estaba casada con Lalo Garc\u00eda, ha estado presente en el momento del levantamiento del cad\u00e1ver y, en declaraciones a los periodistas, ha explicado que las caracter\u00edsticas f\u00edsicas y la vestimenta coinciden con la del exjugador vallisoletano.<\/p>\n<p>Entre l\u00e1grimas, Hansen ha detallado que Lalo Garc\u00eda vest\u00eda un chandal y calzaba unas deportivas del n\u00famero 46 cuando desapareci\u00f3, lo que coincide con el atuendo del cad\u00e1ver.<\/p>\n<p>Al parecer, ha sido un pirag\u00fcista en el que ha llamado al Servicio de Emergencias 112 de Castilla y Le\u00f3n al encontrarse el cad\u00e1ver flotando y enganchado en una rama.<\/p>\n<p>El ex capit\u00e1n del F\u00f3rum, de 44 a\u00f1os, fue visto por \u00faltima vez el pasado 5 de marzo, casi 24 horas despu\u00e9s de haber salido de la casa que compart\u00eda con su madre en Arroyo de la Encomienda.<\/p>\n<p>Lalo Garc\u00eda, que jug\u00f3 13 a\u00f1os en el equipo de la ciudad, no pasaba su mejor momento y fue tratado varias veces por un cuadro de depresi\u00f3n. Internacional en ocho ocasiones con la selecci\u00f3n espa\u00f1ola, termin\u00f3 su trayectoria deportiva en 2001. Desde entonces altern\u00f3 varios trabajos, incluido el m\u00e1s reciente, en un departamento de seguros. Contrajo dos veces matrimonio, fruto de los cuales tuvo dos hijos.<\/p>\n<p>La desaparici\u00f3n de Garc\u00eda, el \u00fanico jugador del F\u00f3rum al que retiraron la camiseta, fue denunciada el 5 de marzo por su madre. Desde entonces, la Guardia Civil hab\u00eda rastreado las zonas m\u00e1s pr\u00f3ximas a su vivienda, en la zona sur de la capital castellana.<\/p>\n<p>R.P.<\/p>\n","protected":false},"excerpt":{"rendered":"<p>Castilla y Leon.-Unos pirag\u00fcistas han hallado esta ma\u00f1ana en las inmediaciones del polideportivo Pisuerga de Valladolid, el cad\u00e1ver de un hombre de caracter\u00edsticas f\u00edsicas similares a las del ex jugador de baloncesto del F\u00f3rum Filat\u00e9lico Lalo Garc\u00eda, desaparecido desde el pasado 4 de marzo. \u00abTodos los indicios apuntan a que el cad\u00e1ver es el del [&hellip;]<\/p>\n","protected":false},"author":1,"featured_media":0,"comment_status":"open","ping_status":"open","sticky":false,"template":"","format":"standard","meta":{"footnotes":""},"categories":[1],"tags":[],"class_list":["post-3894","post","type-post","status-publish","format-standard","hentry","category-entretenimiento"],"_links":{"self":[{"href":"https:\/\/2horizontes.com\/index.php?rest_route=\/wp\/v2\/posts\/3894","targetHints":{"allow":["GET"]}}],"collection":[{"href":"https:\/\/2horizontes.com\/index.php?rest_route=\/wp\/v2\/posts"}],"about":[{"href":"https:\/\/2horizontes.com\/index.php?rest_route=\/wp\/v2\/types\/post"}],"author":[{"embeddable":true,"href":"https:\/\/2horizontes.com\/index.php?rest_route=\/wp\/v2\/users\/1"}],"replies":[{"embeddable":true,"href":"https:\/\/2horizontes.com\/index.php?rest_route=%2Fwp%2Fv2%2Fcomments&post=3894"}],"version-history":[{"count":1,"href":"https:\/\/2horizontes.com\/index.php?rest_route=\/wp\/v2\/posts\/3894\/revisions"}],"predecessor-version":[{"id":3896,"href":"https:\/\/2horizontes.com\/index.php?rest_route=\/wp\/v2\/posts\/3894\/revisions\/3896"}],"wp:attachment":[{"href":"https:\/\/2horizontes.com\/index.php?rest_route=%2Fwp%2Fv2%2Fmedia&parent=3894"}],"wp:term":[{"taxonomy":"category","embeddable":true,"href":"https:\/\/2horizontes.com\/index.php?rest_route=%2Fwp%2Fv2%2Fcategories&post=3894"},{"taxonomy":"post_tag","embeddable":true,"href":"https:\/\/2horizontes.com\/index.php?rest_route=%2Fwp%2Fv2%2Ftags&post=3894"}],"curies":[{"name":"wp","href":"https:\/\/api.w.org\/{rel}","templated":true}]}}