{"id":38925,"date":"2016-01-14T08:24:48","date_gmt":"2016-01-14T07:24:48","guid":{"rendered":"http:\/\/2horizontes.com\/?p=38925"},"modified":"2016-01-14T08:24:48","modified_gmt":"2016-01-14T07:24:48","slug":"la-historia-de-los-cachorros-del-estado-islamico-que-fueron-obligados-a-matar-a-sus-familias","status":"publish","type":"post","link":"https:\/\/2horizontes.com\/?p=38925","title":{"rendered":"La historia de los \u00abcachorros del Estado Isl\u00e1mico\u00bb que fueron obligados a matar a sus familias"},"content":{"rendered":"<p><strong>Siria<\/strong><\/p>\n<p>Los ni\u00f1os reclutados por el Estado Isl\u00e1mico revelaron que fueron arrebatados de sus hogares por el grupo terrorista y <b>obligados a asesinar a sus propias familias<\/b>. En caso de negarse, ser\u00edan sometidos a salvajes castigos.<\/p>\n<p><b>Nouri<\/b>, un ni\u00f1o de apenas 11 a\u00f1os, qued\u00f3 con una pierna rota despu\u00e9s de haber rehusado convertirse en <b>uno de \u00ablos cachorros del califato\u00bb.<\/b><\/p>\n<p>Aquellos menores que lograron escapar de las garras de ISIS describieron <b>c\u00f3mo fueron adoctrinados por los yihadistas<\/b> para, entre otras cosas, ejecutar a sus padres \u00abno creyentes\u00bb.<\/p>\n<div id=\"2154676-Grande-1317347928_wrap\" class=\"embed_cont type_imagen\">\n<div id=\"2154676-Grande-1317347928_content\" class=\"embed_content\"><img decoding=\"async\" id=\"2154676-Grande-1317347928_embed\" src=\"http:\/\/cdn01.am.infobae.com\/adjuntos\/163\/imagenes\/014\/090\/0014090149.jpg?0000-00-00-00-00-00\" alt=\"\" \/><\/div>\n<div id=\"2154676-Grande-1317347928_epigrafe\" class=\"embed_epigrafe\">El grupo de ni\u00f1os reclutado por el Estado Isl\u00e1mico es conocido como \u00ablos cachorros del califato\u00bb<\/div>\n<div id=\"2154676-Grande-1317347928_copyright\" class=\"embed_copyright\"><\/div>\n<\/div>\n<p><b>Aziz Abdullah Hadur<\/b>, comandante kurdo, sostuvo que, adem\u00e1s, los terroristas del Estado Isl\u00e1mico con frecuencia <b>env\u00edan a los ni\u00f1os con chalecos explosivos ocultos<\/b>, consigna <i>Daily Mail<\/i>.<i><\/i><\/p>\n<p>Hadur reconoci\u00f3 que sus hombres fueron testigos de que numerosos ni\u00f1os reclutados por ISIS<b>luchaban en la primera l\u00ednea.<\/b><\/p>\n<p>&nbsp;<\/p>\n<p>\u00abMuchas veces, cuando nos enfrentamos a ISIS, hemos visto a los ni\u00f1os en la primera l\u00ednea y utilizando chalecos explosivos. <b>Les lavan el cerebro\u00bb<\/b>, manifest\u00f3 en di\u00e1logo con <i>CNN<\/i>.<\/p>\n<p>El comandante kurdo explic\u00f3 que, ante esa situaci\u00f3n, se enfrentan con frecuencia a otro desaf\u00edo, m\u00e1s all\u00e1 de combatir a los yihadistas: <b>ayudar a los ni\u00f1os que logran escapar del grupo terrorista.<\/b><\/p>\n<p>\u00abEs una decisi\u00f3n incre\u00edblemente dif\u00edcil. Yo no s\u00e9 qu\u00e9 hacer, porque <b>si no los matas, matar\u00e1n ellos\u00bb<\/b>, lament\u00f3 Hadur.<\/p>\n<div id=\"2154678-Grande-744697833_wrap\" class=\"embed_cont type_imagen\">\n<div id=\"2154678-Grande-744697833_content\" class=\"embed_content\"><img decoding=\"async\" id=\"2154678-Grande-744697833_embed\" src=\"http:\/\/cdn01.am.infobae.com\/adjuntos\/163\/imagenes\/014\/090\/0014090165.jpg?0000-00-00-00-00-00\" alt=\"\" \/><\/div>\n<div id=\"2154678-Grande-744697833_epigrafe\" class=\"embed_epigrafe\">Los kurdos denuncian que los terroristas de ISIS env\u00edan a los ni\u00f1os a pelear en la primera l\u00ednea del frente de ataque<\/div>\n<div id=\"2154678-Grande-744697833_copyright\" class=\"embed_copyright\"><\/div>\n<\/div>\n<p>Un ni\u00f1o reclutado por el Estado Isl\u00e1mico revel\u00f3 el impacto emocional que signific\u00f3 ser apartado de sus padres para convertirse en un yihadista. <b>\u00abNo se nos permit\u00eda llorar<\/b>, pero yo pensaba en mi madre. Cuando pensaba en ella preocupada por m\u00ed, me daban ganas de llorar en silencio\u00bb, narr\u00f3.<\/p>\n<p>\u00abCuando nos escapamos y vi a mi madre, <b>fue como volver a la vida\u00bb<\/b>, agreg\u00f3.<\/p>\n<p>Sin embargo, otros ni\u00f1os que tambi\u00e9n pudieron escapar no lograron volver a ver a sus familias y<b>ahora viven en campamentos de refugiados en el norte de Irak<\/b>, muy golpeados psicol\u00f3gicamente.<\/p>\n<p>F. Infobae.<\/p>\n","protected":false},"excerpt":{"rendered":"<p>Siria Los ni\u00f1os reclutados por el Estado Isl\u00e1mico revelaron que fueron arrebatados de sus hogares por el grupo terrorista y obligados a asesinar a sus propias familias. En caso de negarse, ser\u00edan sometidos a salvajes castigos. Nouri, un ni\u00f1o de apenas 11 a\u00f1os, qued\u00f3 con una pierna rota despu\u00e9s de haber rehusado convertirse en uno [&hellip;]<\/p>\n","protected":false},"author":7,"featured_media":38926,"comment_status":"open","ping_status":"open","sticky":false,"template":"","format":"standard","meta":{"footnotes":""},"categories":[40],"tags":[],"class_list":["post-38925","post","type-post","status-publish","format-standard","has-post-thumbnail","hentry","category-internacionales"],"_links":{"self":[{"href":"https:\/\/2horizontes.com\/index.php?rest_route=\/wp\/v2\/posts\/38925","targetHints":{"allow":["GET"]}}],"collection":[{"href":"https:\/\/2horizontes.com\/index.php?rest_route=\/wp\/v2\/posts"}],"about":[{"href":"https:\/\/2horizontes.com\/index.php?rest_route=\/wp\/v2\/types\/post"}],"author":[{"embeddable":true,"href":"https:\/\/2horizontes.com\/index.php?rest_route=\/wp\/v2\/users\/7"}],"replies":[{"embeddable":true,"href":"https:\/\/2horizontes.com\/index.php?rest_route=%2Fwp%2Fv2%2Fcomments&post=38925"}],"version-history":[{"count":1,"href":"https:\/\/2horizontes.com\/index.php?rest_route=\/wp\/v2\/posts\/38925\/revisions"}],"predecessor-version":[{"id":38927,"href":"https:\/\/2horizontes.com\/index.php?rest_route=\/wp\/v2\/posts\/38925\/revisions\/38927"}],"wp:featuredmedia":[{"embeddable":true,"href":"https:\/\/2horizontes.com\/index.php?rest_route=\/wp\/v2\/media\/38926"}],"wp:attachment":[{"href":"https:\/\/2horizontes.com\/index.php?rest_route=%2Fwp%2Fv2%2Fmedia&parent=38925"}],"wp:term":[{"taxonomy":"category","embeddable":true,"href":"https:\/\/2horizontes.com\/index.php?rest_route=%2Fwp%2Fv2%2Fcategories&post=38925"},{"taxonomy":"post_tag","embeddable":true,"href":"https:\/\/2horizontes.com\/index.php?rest_route=%2Fwp%2Fv2%2Ftags&post=38925"}],"curies":[{"name":"wp","href":"https:\/\/api.w.org\/{rel}","templated":true}]}}