{"id":38891,"date":"2016-01-14T01:25:14","date_gmt":"2016-01-14T00:25:14","guid":{"rendered":"http:\/\/2horizontes.com\/?p=38891"},"modified":"2016-01-14T01:25:14","modified_gmt":"2016-01-14T00:25:14","slug":"ordenan-eliminar-centenares-arboles-en-cinco-municipios-de-rd","status":"publish","type":"post","link":"https:\/\/2horizontes.com\/?p=38891","title":{"rendered":"Ordenan eliminar centenares \u00e1rboles en cinco municipios de RD"},"content":{"rendered":"<p>RD-SANTO DOMINGO.-\u00a0El Ministerio de Medio Ambiente y Recursos Naturales de la Rep\u00fablica Dominicana autoriz\u00f3 la eliminaci\u00f3n de centenares de \u00e1rboles de una\u00a0especie de pino enferma \u00a0por\u00a0ser atacada por el insecto Ips calligraphus en cinco municipios.<\/p>\n<p>La\u00a0instituci\u00f3n oficial inform\u00f3 que los pinares est\u00e1n ubicados \u00a0en \u00a0Constanza, Jarabacoa,\u00a0Monci\u00f3n y San Jos\u00e9 de las Matas.<\/p>\n<p>Destac\u00f3 que la finalidad de la medida es evitar el avance del insecto hacia otras fincas y plantaciones cercanas, lo que resultar\u00eda muy perjudicial para el bosque de pino que se produce en esas \u00a0zonas.<\/p>\n<p>Apunta que los pinos enfermos luego de ser \u00a0\u00a0eliminados ser\u00e1n tratados y \u00a0quemados con la finalidad de que el insecto no pueda transportase y afectar otros pinares de los referidos lugares.<br \/>\nExplica que los trabajos de eliminaci\u00f3n del insecto en esos municipios estar\u00e1n a cargo de varias brigadas conformadas por t\u00e9cnicos y personal especializado de la instituci\u00f3n a los fines de cumplir con lo que se establece t\u00e9cnicamente en este tipo de proceso.<\/p>\n<p>\u201cHemos autorizado la medida dado el hecho de que resulta m\u00e1s beneficioso para la foresta de esas demarcaciones hacer este procedimiento, con tiempo, \u00a0ya que \u00a0est\u00e1 demostrado que la \u00a0forma de \u00a0combatir y detener el avance de esta plaga es tumbando el \u00e1rbol enfermo\u201d, agreg\u00f3 Medio Ambiente.<\/p>\n","protected":false},"excerpt":{"rendered":"<p>RD-SANTO DOMINGO.-\u00a0El Ministerio de Medio Ambiente y Recursos Naturales de la Rep\u00fablica Dominicana autoriz\u00f3 la eliminaci\u00f3n de centenares de \u00e1rboles de una\u00a0especie de pino enferma \u00a0por\u00a0ser atacada por el insecto Ips calligraphus en cinco municipios. La\u00a0instituci\u00f3n oficial inform\u00f3 que los pinares est\u00e1n ubicados \u00a0en \u00a0Constanza, Jarabacoa,\u00a0Monci\u00f3n y San Jos\u00e9 de las Matas. Destac\u00f3 que la [&hellip;]<\/p>\n","protected":false},"author":8,"featured_media":38893,"comment_status":"open","ping_status":"open","sticky":false,"template":"","format":"standard","meta":{"footnotes":""},"categories":[84,44],"tags":[],"class_list":["post-38891","post","type-post","status-publish","format-standard","has-post-thumbnail","hentry","category-otras-noticias","category-republica-dominicana"],"_links":{"self":[{"href":"https:\/\/2horizontes.com\/index.php?rest_route=\/wp\/v2\/posts\/38891","targetHints":{"allow":["GET"]}}],"collection":[{"href":"https:\/\/2horizontes.com\/index.php?rest_route=\/wp\/v2\/posts"}],"about":[{"href":"https:\/\/2horizontes.com\/index.php?rest_route=\/wp\/v2\/types\/post"}],"author":[{"embeddable":true,"href":"https:\/\/2horizontes.com\/index.php?rest_route=\/wp\/v2\/users\/8"}],"replies":[{"embeddable":true,"href":"https:\/\/2horizontes.com\/index.php?rest_route=%2Fwp%2Fv2%2Fcomments&post=38891"}],"version-history":[{"count":1,"href":"https:\/\/2horizontes.com\/index.php?rest_route=\/wp\/v2\/posts\/38891\/revisions"}],"predecessor-version":[{"id":38894,"href":"https:\/\/2horizontes.com\/index.php?rest_route=\/wp\/v2\/posts\/38891\/revisions\/38894"}],"wp:featuredmedia":[{"embeddable":true,"href":"https:\/\/2horizontes.com\/index.php?rest_route=\/wp\/v2\/media\/38893"}],"wp:attachment":[{"href":"https:\/\/2horizontes.com\/index.php?rest_route=%2Fwp%2Fv2%2Fmedia&parent=38891"}],"wp:term":[{"taxonomy":"category","embeddable":true,"href":"https:\/\/2horizontes.com\/index.php?rest_route=%2Fwp%2Fv2%2Fcategories&post=38891"},{"taxonomy":"post_tag","embeddable":true,"href":"https:\/\/2horizontes.com\/index.php?rest_route=%2Fwp%2Fv2%2Ftags&post=38891"}],"curies":[{"name":"wp","href":"https:\/\/api.w.org\/{rel}","templated":true}]}}