{"id":38879,"date":"2016-01-13T23:28:57","date_gmt":"2016-01-13T22:28:57","guid":{"rendered":"http:\/\/2horizontes.com\/?p=38879"},"modified":"2016-01-13T23:28:57","modified_gmt":"2016-01-13T22:28:57","slug":"iglesias-no-puede-contener-las-lagrimas-al-oir-gritos-de-si-se-puede-de-varios-simpatizantes","status":"publish","type":"post","link":"https:\/\/2horizontes.com\/?p=38879","title":{"rendered":"Iglesias no puede contener las l\u00e1grimas al o\u00edr gritos de \u00abs\u00ed se puede\u00bb de varios simpatizantes"},"content":{"rendered":"<p>El l\u00edder de Podemos, Pablo Iglesias, no ha podido contener las l\u00e1grimas despu\u00e9s de la sesi\u00f3n constitutiva del Congreso al ver c\u00f3mo su grupo era recibido en la calle por los gritos de \u00abs\u00ed se puede\u00bb de numerosos simpatizantes que se hab\u00edan concentrado ante la C\u00e1mara Baja.<\/p>\n<p>Iglesias, visiblemente emocionado, ha posado para una foto con los otros 68 diputados de Podemos ante la emblem\u00e1tica puerta de Los Leones del Congreso en la madrile\u00f1a carrera de San Jer\u00f3nimo, poco despu\u00e9s de haber tomado posesi\u00f3n de sus esca\u00f1os de diputados en el arranque de la nueva legislatura.<\/p>\n<p>Un numeroso grupo de simpatizantes contemplaban el momento con gritos de \u00abs\u00ed se puede\u00bb y \u00abque s\u00ed nos representan\u00bb, lo cuales han hecho que el secretario general de Podemos se haya emocionado despu\u00e9s de abrazar efusivamente a algunos miembros de la formaci\u00f3n morada, entre ellos al cofundador del partido Juan Carlos Monedero, que ha asistido a la sesi\u00f3n en la tribuna de invitados.<\/p>\n<p>Ha sido entonces cuando a Iglesias se le han escapado las primeras l\u00e1grimas, que han continuado mientras besaba y abrazaba a otros dirigentes de su partido, algunos que desde hoy tambi\u00e9n son diputados. Mientras posaban para los fot\u00f3grafos, el propio Iglesias ha sido el que ha comenzado a proclamar \u00abs\u00ed se puede\u00bb con el pu\u00f1o en alto, siendo secundado por los simpatizantes que esperaban a las puertas del Congreso su salida.<\/p>\n","protected":false},"excerpt":{"rendered":"<p>El l\u00edder de Podemos, Pablo Iglesias, no ha podido contener las l\u00e1grimas despu\u00e9s de la sesi\u00f3n constitutiva del Congreso al ver c\u00f3mo su grupo era recibido en la calle por los gritos de \u00abs\u00ed se puede\u00bb de numerosos simpatizantes que se hab\u00edan concentrado ante la C\u00e1mara Baja. Iglesias, visiblemente emocionado, ha posado para una foto [&hellip;]<\/p>\n","protected":false},"author":3,"featured_media":38880,"comment_status":"open","ping_status":"open","sticky":false,"template":"","format":"standard","meta":{"footnotes":""},"categories":[85,43],"tags":[],"class_list":["post-38879","post","type-post","status-publish","format-standard","has-post-thumbnail","hentry","category-espana","category-politica"],"_links":{"self":[{"href":"https:\/\/2horizontes.com\/index.php?rest_route=\/wp\/v2\/posts\/38879","targetHints":{"allow":["GET"]}}],"collection":[{"href":"https:\/\/2horizontes.com\/index.php?rest_route=\/wp\/v2\/posts"}],"about":[{"href":"https:\/\/2horizontes.com\/index.php?rest_route=\/wp\/v2\/types\/post"}],"author":[{"embeddable":true,"href":"https:\/\/2horizontes.com\/index.php?rest_route=\/wp\/v2\/users\/3"}],"replies":[{"embeddable":true,"href":"https:\/\/2horizontes.com\/index.php?rest_route=%2Fwp%2Fv2%2Fcomments&post=38879"}],"version-history":[{"count":1,"href":"https:\/\/2horizontes.com\/index.php?rest_route=\/wp\/v2\/posts\/38879\/revisions"}],"predecessor-version":[{"id":38881,"href":"https:\/\/2horizontes.com\/index.php?rest_route=\/wp\/v2\/posts\/38879\/revisions\/38881"}],"wp:featuredmedia":[{"embeddable":true,"href":"https:\/\/2horizontes.com\/index.php?rest_route=\/wp\/v2\/media\/38880"}],"wp:attachment":[{"href":"https:\/\/2horizontes.com\/index.php?rest_route=%2Fwp%2Fv2%2Fmedia&parent=38879"}],"wp:term":[{"taxonomy":"category","embeddable":true,"href":"https:\/\/2horizontes.com\/index.php?rest_route=%2Fwp%2Fv2%2Fcategories&post=38879"},{"taxonomy":"post_tag","embeddable":true,"href":"https:\/\/2horizontes.com\/index.php?rest_route=%2Fwp%2Fv2%2Ftags&post=38879"}],"curies":[{"name":"wp","href":"https:\/\/api.w.org\/{rel}","templated":true}]}}