{"id":38876,"date":"2016-01-13T23:23:55","date_gmt":"2016-01-13T22:23:55","guid":{"rendered":"http:\/\/2horizontes.com\/?p=38876"},"modified":"2016-01-13T23:23:55","modified_gmt":"2016-01-13T22:23:55","slug":"la-comunidad-propone-al-ayuntamiento-integrar-bicimad-en-el-abono-de-transportes","status":"publish","type":"post","link":"https:\/\/2horizontes.com\/?p=38876","title":{"rendered":"La Comunidad propone al Ayuntamiento integrar BiciMAD en el Abono de Transportes"},"content":{"rendered":"<p>La Comunidad de Madrid ha propuesto al Ayuntamiento de la capital la inclusi\u00f3n del servicio de alquiler de bicicletas el\u00e9ctricas BiciMad en el Abono regional de Transportes, una idea que ser\u00eda puesta en marcha de forma experimental en la localidad de Getafe.<\/p>\n<p>As\u00ed lo ha explicado la presidenta de la Comunidad de Madrid, Cristina Cifuentes, en la rueda de prensa posterior al consejo de Gobierno, en la que ha dicho que, con base en el \u00abrespeto a las competencias\u00bb de cada administraci\u00f3n, es necesario que ambos gobiernos piensen en \u00ablo que beneficia a los ciudadanos\u00bb.<\/p>\n<p>Seg\u00fan Cifuentes, es el Ayuntamiento de Madrid el que debe \u00abmover ficha\u00bb con respecto a la decisi\u00f3n de integrar el servicio de alquiler p\u00fablico de bicicletas, una propuesta que beneficiar\u00eda \u00aby agradecer\u00edan\u00bb los madrile\u00f1os y los habitantes de otros municipios.<\/p>\n<p>El Ayuntamiento de Madrid considera que esta idea es \u00ab\u00f3ptima\u00bb para la movilidad de la capital, aunque, seg\u00fan fuentes del Gobierno local, es necesario evaluar la dimensi\u00f3n de la propuesta y \u00abhacer un estudio exhaustivo de las implicaciones\u00bb que tendr\u00eda la inclusi\u00f3n de la tarjeta de BiciMad en el Abono de transporte.<\/p>\n<p>El mes pasado, el Ayuntamiento de Madrid ya anunci\u00f3 el estudio de la posibilidad de implantar un sistema complementario de alquiler de bicicletas para la periferia de la capital, alternativo al de BiciMad y no condicionado a la ampliaci\u00f3n del contrato de este servicio, del que es titular la empresa Bonopark.<\/p>\n<p>El servicio p\u00fablico de alquiler de bicicletas el\u00e9ctricas fue puesto en marcha en Madrid en junio de 2014 y en la actualidad cuenta con 2.028 bicicletas y 4.116 anclajes para ellas en 165 estaciones.<\/p>\n","protected":false},"excerpt":{"rendered":"<p>La Comunidad de Madrid ha propuesto al Ayuntamiento de la capital la inclusi\u00f3n del servicio de alquiler de bicicletas el\u00e9ctricas BiciMad en el Abono regional de Transportes, una idea que ser\u00eda puesta en marcha de forma experimental en la localidad de Getafe. As\u00ed lo ha explicado la presidenta de la Comunidad de Madrid, Cristina Cifuentes, [&hellip;]<\/p>\n","protected":false},"author":3,"featured_media":38877,"comment_status":"open","ping_status":"open","sticky":false,"template":"","format":"standard","meta":{"footnotes":""},"categories":[85],"tags":[],"class_list":["post-38876","post","type-post","status-publish","format-standard","has-post-thumbnail","hentry","category-espana"],"_links":{"self":[{"href":"https:\/\/2horizontes.com\/index.php?rest_route=\/wp\/v2\/posts\/38876","targetHints":{"allow":["GET"]}}],"collection":[{"href":"https:\/\/2horizontes.com\/index.php?rest_route=\/wp\/v2\/posts"}],"about":[{"href":"https:\/\/2horizontes.com\/index.php?rest_route=\/wp\/v2\/types\/post"}],"author":[{"embeddable":true,"href":"https:\/\/2horizontes.com\/index.php?rest_route=\/wp\/v2\/users\/3"}],"replies":[{"embeddable":true,"href":"https:\/\/2horizontes.com\/index.php?rest_route=%2Fwp%2Fv2%2Fcomments&post=38876"}],"version-history":[{"count":1,"href":"https:\/\/2horizontes.com\/index.php?rest_route=\/wp\/v2\/posts\/38876\/revisions"}],"predecessor-version":[{"id":38878,"href":"https:\/\/2horizontes.com\/index.php?rest_route=\/wp\/v2\/posts\/38876\/revisions\/38878"}],"wp:featuredmedia":[{"embeddable":true,"href":"https:\/\/2horizontes.com\/index.php?rest_route=\/wp\/v2\/media\/38877"}],"wp:attachment":[{"href":"https:\/\/2horizontes.com\/index.php?rest_route=%2Fwp%2Fv2%2Fmedia&parent=38876"}],"wp:term":[{"taxonomy":"category","embeddable":true,"href":"https:\/\/2horizontes.com\/index.php?rest_route=%2Fwp%2Fv2%2Fcategories&post=38876"},{"taxonomy":"post_tag","embeddable":true,"href":"https:\/\/2horizontes.com\/index.php?rest_route=%2Fwp%2Fv2%2Ftags&post=38876"}],"curies":[{"name":"wp","href":"https:\/\/api.w.org\/{rel}","templated":true}]}}