{"id":38863,"date":"2016-01-13T23:04:36","date_gmt":"2016-01-13T22:04:36","guid":{"rendered":"http:\/\/2horizontes.com\/?p=38863"},"modified":"2016-01-13T23:04:36","modified_gmt":"2016-01-13T22:04:36","slug":"tres-personas-mueren-en-una-avalancha-en-los-alpes-franceses","status":"publish","type":"post","link":"https:\/\/2horizontes.com\/?p=38863","title":{"rendered":"Tres personas mueren en una avalancha en los Alpes franceses"},"content":{"rendered":"<p>Tres personas murieron hoy en una avalancha en los Alpes franceses, que se desencaden\u00f3 en una pista negra (de gran dificultad) cerrada y arrastr\u00f3 principalmente a un grupo de estudiantes de un instituto de Lyon (este de Francia).<\/p>\n<p>El alud, que caus\u00f3 tambi\u00e9n varios heridos, dos de ellos graves, se inici\u00f3 hacia las 16.00 hora local (15.00 GMT) en la estaci\u00f3n de Deux Alpes y cost\u00f3 la vida a dos adolescentes franceses y a un esquiador ucraniano que no pertenec\u00eda al grupo escolar.<\/p>\n<p>El diario local \u00abLe Dauphin\u00e9 Lib\u00e9r\u00e9\u00bb indic\u00f3 en su edici\u00f3n digital que cuatro de los alumnos estaban en parada cardiorrespiratoria cuando fueron localizados, mientras que el profesor fue hallado inconsciente.<\/p>\n<p>En la operaci\u00f3n de rescate participaron cerca de 30 socorristas, un equipo de la Gendarmer\u00eda, tres perros y tres helic\u00f3pteros, uno de ellos equipado con una c\u00e1mara t\u00e9rmica, a\u00f1adi\u00f3 la fuente<\/p>\n","protected":false},"excerpt":{"rendered":"<p>Tres personas murieron hoy en una avalancha en los Alpes franceses, que se desencaden\u00f3 en una pista negra (de gran dificultad) cerrada y arrastr\u00f3 principalmente a un grupo de estudiantes de un instituto de Lyon (este de Francia). El alud, que caus\u00f3 tambi\u00e9n varios heridos, dos de ellos graves, se inici\u00f3 hacia las 16.00 hora [&hellip;]<\/p>\n","protected":false},"author":3,"featured_media":38864,"comment_status":"open","ping_status":"open","sticky":false,"template":"","format":"standard","meta":{"footnotes":""},"categories":[86,40],"tags":[],"class_list":["post-38863","post","type-post","status-publish","format-standard","has-post-thumbnail","hentry","category-europa","category-internacionales"],"_links":{"self":[{"href":"https:\/\/2horizontes.com\/index.php?rest_route=\/wp\/v2\/posts\/38863","targetHints":{"allow":["GET"]}}],"collection":[{"href":"https:\/\/2horizontes.com\/index.php?rest_route=\/wp\/v2\/posts"}],"about":[{"href":"https:\/\/2horizontes.com\/index.php?rest_route=\/wp\/v2\/types\/post"}],"author":[{"embeddable":true,"href":"https:\/\/2horizontes.com\/index.php?rest_route=\/wp\/v2\/users\/3"}],"replies":[{"embeddable":true,"href":"https:\/\/2horizontes.com\/index.php?rest_route=%2Fwp%2Fv2%2Fcomments&post=38863"}],"version-history":[{"count":1,"href":"https:\/\/2horizontes.com\/index.php?rest_route=\/wp\/v2\/posts\/38863\/revisions"}],"predecessor-version":[{"id":38865,"href":"https:\/\/2horizontes.com\/index.php?rest_route=\/wp\/v2\/posts\/38863\/revisions\/38865"}],"wp:featuredmedia":[{"embeddable":true,"href":"https:\/\/2horizontes.com\/index.php?rest_route=\/wp\/v2\/media\/38864"}],"wp:attachment":[{"href":"https:\/\/2horizontes.com\/index.php?rest_route=%2Fwp%2Fv2%2Fmedia&parent=38863"}],"wp:term":[{"taxonomy":"category","embeddable":true,"href":"https:\/\/2horizontes.com\/index.php?rest_route=%2Fwp%2Fv2%2Fcategories&post=38863"},{"taxonomy":"post_tag","embeddable":true,"href":"https:\/\/2horizontes.com\/index.php?rest_route=%2Fwp%2Fv2%2Ftags&post=38863"}],"curies":[{"name":"wp","href":"https:\/\/api.w.org\/{rel}","templated":true}]}}