{"id":38852,"date":"2016-01-13T21:30:59","date_gmt":"2016-01-13T20:30:59","guid":{"rendered":"http:\/\/2horizontes.com\/?p=38852"},"modified":"2016-01-13T21:30:59","modified_gmt":"2016-01-13T20:30:59","slug":"apresan-hombre-acusado-de-matar-a-10-perros-en-jimani-rd","status":"publish","type":"post","link":"https:\/\/2horizontes.com\/?p=38852","title":{"rendered":"Apresan hombre acusado de matar a 10 perros en Jiman\u00ed RD"},"content":{"rendered":"<p>RD- JIMANI- Agentes policiales de puesto en Jiman\u00ed, provincia Independencia, apresaron a un hombre acusado de haber matado 10 perros por sospecha de que \u00e9stos le comieron 23 aves dom\u00e9sticas.<br \/>\nUna nota emitida por la oficina de prensa de la Direcci\u00f3n Regional Sur de la Polic\u00eda con sede en esta ciudad, identifica al detenido como Yohan Mercedes Trinidad P\u00e9rez, de 36 a\u00f1os, residente en la calle Segunda, n\u00famero 11, del sector Villa Solidaridad.<\/p>\n<p>El imputado fue apresado tras personas residentes en el sector\u00a0 Sif\u00f3n del referido municipio, presentar denuncias en su contra en torno a que hab\u00eda matado a los perros.<\/p>\n<p>De acuerdo con la nota policial, para matar a los perros, Trinidad Mercedes aleg\u00f3 que \u00e9stos le hab\u00edan comido 13 gallos de pelea,\u00a0 nueve gallinas y 11 pollos.<\/p>\n<p>No obstante, el parte policial no especifica la forma en que el hombre dio muerte a los animales.<\/p>\n<p>\u00abEl hombre est\u00e1 encerrado en la c\u00e1rcel preventiva del municipio de Jiman\u00ed, para ser puesto a disposici\u00f3n de la Justicia en las pr\u00f3ximas horas, para que le sea conocida medida de coerci\u00f3n\u00bb, concluye la nota de prensa policial.<\/p>\n<p>&nbsp;<\/p>\n","protected":false},"excerpt":{"rendered":"<p>RD- JIMANI- Agentes policiales de puesto en Jiman\u00ed, provincia Independencia, apresaron a un hombre acusado de haber matado 10 perros por sospecha de que \u00e9stos le comieron 23 aves dom\u00e9sticas. Una nota emitida por la oficina de prensa de la Direcci\u00f3n Regional Sur de la Polic\u00eda con sede en esta ciudad, identifica al detenido como [&hellip;]<\/p>\n","protected":false},"author":8,"featured_media":35756,"comment_status":"open","ping_status":"open","sticky":false,"template":"","format":"standard","meta":{"footnotes":""},"categories":[53,44],"tags":[],"class_list":["post-38852","post","type-post","status-publish","format-standard","has-post-thumbnail","hentry","category-provincias","category-republica-dominicana"],"_links":{"self":[{"href":"https:\/\/2horizontes.com\/index.php?rest_route=\/wp\/v2\/posts\/38852","targetHints":{"allow":["GET"]}}],"collection":[{"href":"https:\/\/2horizontes.com\/index.php?rest_route=\/wp\/v2\/posts"}],"about":[{"href":"https:\/\/2horizontes.com\/index.php?rest_route=\/wp\/v2\/types\/post"}],"author":[{"embeddable":true,"href":"https:\/\/2horizontes.com\/index.php?rest_route=\/wp\/v2\/users\/8"}],"replies":[{"embeddable":true,"href":"https:\/\/2horizontes.com\/index.php?rest_route=%2Fwp%2Fv2%2Fcomments&post=38852"}],"version-history":[{"count":1,"href":"https:\/\/2horizontes.com\/index.php?rest_route=\/wp\/v2\/posts\/38852\/revisions"}],"predecessor-version":[{"id":38853,"href":"https:\/\/2horizontes.com\/index.php?rest_route=\/wp\/v2\/posts\/38852\/revisions\/38853"}],"wp:featuredmedia":[{"embeddable":true,"href":"https:\/\/2horizontes.com\/index.php?rest_route=\/wp\/v2\/media\/35756"}],"wp:attachment":[{"href":"https:\/\/2horizontes.com\/index.php?rest_route=%2Fwp%2Fv2%2Fmedia&parent=38852"}],"wp:term":[{"taxonomy":"category","embeddable":true,"href":"https:\/\/2horizontes.com\/index.php?rest_route=%2Fwp%2Fv2%2Fcategories&post=38852"},{"taxonomy":"post_tag","embeddable":true,"href":"https:\/\/2horizontes.com\/index.php?rest_route=%2Fwp%2Fv2%2Ftags&post=38852"}],"curies":[{"name":"wp","href":"https:\/\/api.w.org\/{rel}","templated":true}]}}