{"id":38849,"date":"2016-01-13T20:39:43","date_gmt":"2016-01-13T19:39:43","guid":{"rendered":"http:\/\/2horizontes.com\/?p=38849"},"modified":"2016-01-13T20:39:43","modified_gmt":"2016-01-13T19:39:43","slug":"danilo-medina-inaugura-escuela-en-los-alcarrizos-rd","status":"publish","type":"post","link":"https:\/\/2horizontes.com\/?p=38849","title":{"rendered":"Danilo Medina inaugura escuela en Los Alcarrizos RD"},"content":{"rendered":"<p>RD- LOS ALCARRIZOS-El presidente Danilo Medina inaugur\u00f3 en el sector Los Americanos, en este municipio de la provincia Santo Domingo, la Escuela B\u00e1sica Socorro S\u00e1nchez.El nuevo plantel cuenta con 29 aulas nuevas, entre ellas tres para el nivel inicial, que albergar\u00e1 a 945 estudiantes.<\/p>\n<p>Posee adem\u00e1s biblioteca, rincones tecnol\u00f3gicos, laboratorios de inform\u00e1tica y ciencias, \u00e1rea administrativa equipada, comedor y cocina. La inversi\u00f3n en la edificaci\u00f3n es de 68 millones 119 mil 740 pesos con 84 centavos, y en equipamiento el costo es de 6 millones 651 mil 863 pesos con 89 centavos.<\/p>\n<p>Con la entrega de una escuela este lunes en Cabral, Barahona, y la de este martes en Los Alcarrizos, el Gobierno retoma el calendario de inauguraciones de nuevas escuelas en el marco del Programa Nacional de Edificaciones Escolares (PNEE) que desarrolla el gobierno del presidente Medina desde febrero de 2014.<\/p>\n","protected":false},"excerpt":{"rendered":"<p>RD- LOS ALCARRIZOS-El presidente Danilo Medina inaugur\u00f3 en el sector Los Americanos, en este municipio de la provincia Santo Domingo, la Escuela B\u00e1sica Socorro S\u00e1nchez.El nuevo plantel cuenta con 29 aulas nuevas, entre ellas tres para el nivel inicial, que albergar\u00e1 a 945 estudiantes. Posee adem\u00e1s biblioteca, rincones tecnol\u00f3gicos, laboratorios de inform\u00e1tica y ciencias, \u00e1rea [&hellip;]<\/p>\n","protected":false},"author":8,"featured_media":38850,"comment_status":"open","ping_status":"open","sticky":false,"template":"","format":"standard","meta":{"footnotes":""},"categories":[55,43,44],"tags":[],"class_list":["post-38849","post","type-post","status-publish","format-standard","has-post-thumbnail","hentry","category-educacion","category-politica","category-republica-dominicana"],"_links":{"self":[{"href":"https:\/\/2horizontes.com\/index.php?rest_route=\/wp\/v2\/posts\/38849","targetHints":{"allow":["GET"]}}],"collection":[{"href":"https:\/\/2horizontes.com\/index.php?rest_route=\/wp\/v2\/posts"}],"about":[{"href":"https:\/\/2horizontes.com\/index.php?rest_route=\/wp\/v2\/types\/post"}],"author":[{"embeddable":true,"href":"https:\/\/2horizontes.com\/index.php?rest_route=\/wp\/v2\/users\/8"}],"replies":[{"embeddable":true,"href":"https:\/\/2horizontes.com\/index.php?rest_route=%2Fwp%2Fv2%2Fcomments&post=38849"}],"version-history":[{"count":1,"href":"https:\/\/2horizontes.com\/index.php?rest_route=\/wp\/v2\/posts\/38849\/revisions"}],"predecessor-version":[{"id":38851,"href":"https:\/\/2horizontes.com\/index.php?rest_route=\/wp\/v2\/posts\/38849\/revisions\/38851"}],"wp:featuredmedia":[{"embeddable":true,"href":"https:\/\/2horizontes.com\/index.php?rest_route=\/wp\/v2\/media\/38850"}],"wp:attachment":[{"href":"https:\/\/2horizontes.com\/index.php?rest_route=%2Fwp%2Fv2%2Fmedia&parent=38849"}],"wp:term":[{"taxonomy":"category","embeddable":true,"href":"https:\/\/2horizontes.com\/index.php?rest_route=%2Fwp%2Fv2%2Fcategories&post=38849"},{"taxonomy":"post_tag","embeddable":true,"href":"https:\/\/2horizontes.com\/index.php?rest_route=%2Fwp%2Fv2%2Ftags&post=38849"}],"curies":[{"name":"wp","href":"https:\/\/api.w.org\/{rel}","templated":true}]}}