{"id":38837,"date":"2016-01-13T16:27:34","date_gmt":"2016-01-13T15:27:34","guid":{"rendered":"http:\/\/2horizontes.com\/?p=38837"},"modified":"2016-01-13T16:27:34","modified_gmt":"2016-01-13T15:27:34","slug":"profesores-de-la-uasd-amenazan-con-no-iniciar-docencia-hasta-que-gobierno-cumpla-sus-demandas-rd","status":"publish","type":"post","link":"https:\/\/2horizontes.com\/?p=38837","title":{"rendered":"Profesores de la UASD amenazan con no iniciar docencia hasta que Gobierno cumpla sus demandas RD"},"content":{"rendered":"<p>RD- SANTO DOMINGO-La Federaci\u00f3n de Asociaciones de Profesores de la Universidad Aut\u00f3noma de Santo Domingo (Faprouasd) advirti\u00f3 hoy que no iniciar\u00e1n docencia correspondiente al primer semestre de este a\u00f1o, pautadas para el 26 de este mes, hasta que el Gobierno atienda sus reivindicaciones.<\/p>\n<p>El presidente de Faprouasd, Santiago Guillermo, inform\u00f3 que dentro de sus exigencias est\u00e1 un incremento salarial de un 40%, que el Gobierno asigne el presupuesto que la academia necesita y que las autoridades universitarias cumplan con la seguridad social acorde a lo que establece la ley.<\/p>\n<p>Asimismo, exigen que la n\u00f3mina de UASD sea publicada y \u201csaneada\u201d, as\u00ed como una mejorade la plataforma tecnol\u00f3gica y de las instalaciones donde se imparte docencia.<\/p>\n<p>Guillermo dijo que han agotado todos los medios para ser escuchados, tanto por las autoridades universitarias como por el gobierno, pero que hasta ahora no ha sido posible.<\/p>\n<p>Explic\u00f3 que en una marcha que realizaron hacia al Palacio Nacional a finales del a\u00f1o pasado fueron recibidos por un viceministro de la Presidencia y que \u00e9ste les inform\u00f3 que enviar\u00eda una comunicaci\u00f3n al ministro Administrativo de la Presidencia, Jos\u00e9 Ram\u00f3n Peralta y el presidente Danilo Medina para que sostuvieran una reuni\u00f3n, pero que dicha reuni\u00f3n no se ha producido.<\/p>\n<p>Asegur\u00f3 que est\u00e1n abiertos al di\u00e1logo y que si son escuchados antes del 26 de este mes, que es para cuando est\u00e1 programado el inicio de la docencia, ellos podr\u00edan cambiar su posici\u00f3n.<\/p>\n<p>Actualmente los profesores de la UASD son 4,200 para una matr\u00edcula de m\u00e1s de 200 mil estudiantes.<\/p>\n","protected":false},"excerpt":{"rendered":"<p>RD- SANTO DOMINGO-La Federaci\u00f3n de Asociaciones de Profesores de la Universidad Aut\u00f3noma de Santo Domingo (Faprouasd) advirti\u00f3 hoy que no iniciar\u00e1n docencia correspondiente al primer semestre de este a\u00f1o, pautadas para el 26 de este mes, hasta que el Gobierno atienda sus reivindicaciones. El presidente de Faprouasd, Santiago Guillermo, inform\u00f3 que dentro de sus exigencias [&hellip;]<\/p>\n","protected":false},"author":8,"featured_media":38838,"comment_status":"open","ping_status":"open","sticky":false,"template":"","format":"standard","meta":{"footnotes":""},"categories":[63,55,44],"tags":[],"class_list":["post-38837","post","type-post","status-publish","format-standard","has-post-thumbnail","hentry","category-economia","category-educacion","category-republica-dominicana"],"_links":{"self":[{"href":"https:\/\/2horizontes.com\/index.php?rest_route=\/wp\/v2\/posts\/38837","targetHints":{"allow":["GET"]}}],"collection":[{"href":"https:\/\/2horizontes.com\/index.php?rest_route=\/wp\/v2\/posts"}],"about":[{"href":"https:\/\/2horizontes.com\/index.php?rest_route=\/wp\/v2\/types\/post"}],"author":[{"embeddable":true,"href":"https:\/\/2horizontes.com\/index.php?rest_route=\/wp\/v2\/users\/8"}],"replies":[{"embeddable":true,"href":"https:\/\/2horizontes.com\/index.php?rest_route=%2Fwp%2Fv2%2Fcomments&post=38837"}],"version-history":[{"count":1,"href":"https:\/\/2horizontes.com\/index.php?rest_route=\/wp\/v2\/posts\/38837\/revisions"}],"predecessor-version":[{"id":38839,"href":"https:\/\/2horizontes.com\/index.php?rest_route=\/wp\/v2\/posts\/38837\/revisions\/38839"}],"wp:featuredmedia":[{"embeddable":true,"href":"https:\/\/2horizontes.com\/index.php?rest_route=\/wp\/v2\/media\/38838"}],"wp:attachment":[{"href":"https:\/\/2horizontes.com\/index.php?rest_route=%2Fwp%2Fv2%2Fmedia&parent=38837"}],"wp:term":[{"taxonomy":"category","embeddable":true,"href":"https:\/\/2horizontes.com\/index.php?rest_route=%2Fwp%2Fv2%2Fcategories&post=38837"},{"taxonomy":"post_tag","embeddable":true,"href":"https:\/\/2horizontes.com\/index.php?rest_route=%2Fwp%2Fv2%2Ftags&post=38837"}],"curies":[{"name":"wp","href":"https:\/\/api.w.org\/{rel}","templated":true}]}}