{"id":38810,"date":"2016-01-13T11:47:57","date_gmt":"2016-01-13T10:47:57","guid":{"rendered":"http:\/\/2horizontes.com\/?p=38810"},"modified":"2016-01-13T11:47:57","modified_gmt":"2016-01-13T10:47:57","slug":"caricom-se-une-a-llamado-de-apoyo-para-reconstruccion-de-haiti-a-6-anos-del-terremoto","status":"publish","type":"post","link":"https:\/\/2horizontes.com\/?p=38810","title":{"rendered":"Caricom se une a llamado de apoyo para reconstrucci\u00f3n de Hait\u00ed a 6 a\u00f1os del terremoto"},"content":{"rendered":"<div id=\"ArticleAuthorDiv\" class=\"article-body-author\"><b>EFE<\/b><\/div>\n<div id=\"ArticleSourceDiv\" class=\"article-body-author\">La Comunidad del Caribe (Caricom) se uni\u00f3 al llamado internacional por un mayor apoyo a la reconstrucci\u00f3n de Hait\u00ed, al cumplirse seis a\u00f1os del terremoto que acab\u00f3 con la vida de m\u00e1s 200.000 personas y dej\u00f3 sin hogar a m\u00e1s de un mill\u00f3n en ese pa\u00eds caribe\u00f1o.<\/div>\n<div id=\"ArticleBody\">\n<p>En un escueto comunicado, Caricom detall\u00f3 que el aniversario est\u00e1 marcado por m\u00faltiples llamados a la comunidad internacional desde distintos frentes para aumentar los esfuerzos de rehabilitaci\u00f3n de espacios y hogares para \u00ablos muchos haitianos que a\u00fan siguen desplazados\u00bb.<\/p>\n<p>Despu\u00e9s de seis a\u00f1os el pa\u00eds se encuentra en situaci\u00f3n precaria, con m\u00e1s de la mitad de la poblaci\u00f3n viviendo en solares y con muy pocas construcciones que respeten las normas antis\u00edsmicas.<\/p>\n<p>Aunque hoy las tiendas de campa\u00f1a ya no se ven, la crisis de vivienda sigue existiendo en las afueras de Puerto Pr\u00edncipe, un problema del que el nuevo barrio Canaan, a 30 minutos de la capital, es un vivo ejemplo.<\/p>\n<p>Este barrio lo pueblan miles de personas que salieron de los campamentos, luego de quedarse sin hogar a causa del terremoto, y que terminaron construyendo precarias viviendas hasta formar el que hoy es uno de los barrios m\u00e1s grandes de Hait\u00ed.<\/p>\n<\/div>\n","protected":false},"excerpt":{"rendered":"<p>EFE La Comunidad del Caribe (Caricom) se uni\u00f3 al llamado internacional por un mayor apoyo a la reconstrucci\u00f3n de Hait\u00ed, al cumplirse seis a\u00f1os del terremoto que acab\u00f3 con la vida de m\u00e1s 200.000 personas y dej\u00f3 sin hogar a m\u00e1s de un mill\u00f3n en ese pa\u00eds caribe\u00f1o. En un escueto comunicado, Caricom detall\u00f3 que [&hellip;]<\/p>\n","protected":false},"author":7,"featured_media":38811,"comment_status":"open","ping_status":"open","sticky":false,"template":"","format":"standard","meta":{"footnotes":""},"categories":[47,40,43],"tags":[],"class_list":["post-38810","post","type-post","status-publish","format-standard","has-post-thumbnail","hentry","category-haiti","category-internacionales","category-politica"],"_links":{"self":[{"href":"https:\/\/2horizontes.com\/index.php?rest_route=\/wp\/v2\/posts\/38810","targetHints":{"allow":["GET"]}}],"collection":[{"href":"https:\/\/2horizontes.com\/index.php?rest_route=\/wp\/v2\/posts"}],"about":[{"href":"https:\/\/2horizontes.com\/index.php?rest_route=\/wp\/v2\/types\/post"}],"author":[{"embeddable":true,"href":"https:\/\/2horizontes.com\/index.php?rest_route=\/wp\/v2\/users\/7"}],"replies":[{"embeddable":true,"href":"https:\/\/2horizontes.com\/index.php?rest_route=%2Fwp%2Fv2%2Fcomments&post=38810"}],"version-history":[{"count":1,"href":"https:\/\/2horizontes.com\/index.php?rest_route=\/wp\/v2\/posts\/38810\/revisions"}],"predecessor-version":[{"id":38812,"href":"https:\/\/2horizontes.com\/index.php?rest_route=\/wp\/v2\/posts\/38810\/revisions\/38812"}],"wp:featuredmedia":[{"embeddable":true,"href":"https:\/\/2horizontes.com\/index.php?rest_route=\/wp\/v2\/media\/38811"}],"wp:attachment":[{"href":"https:\/\/2horizontes.com\/index.php?rest_route=%2Fwp%2Fv2%2Fmedia&parent=38810"}],"wp:term":[{"taxonomy":"category","embeddable":true,"href":"https:\/\/2horizontes.com\/index.php?rest_route=%2Fwp%2Fv2%2Fcategories&post=38810"},{"taxonomy":"post_tag","embeddable":true,"href":"https:\/\/2horizontes.com\/index.php?rest_route=%2Fwp%2Fv2%2Ftags&post=38810"}],"curies":[{"name":"wp","href":"https:\/\/api.w.org\/{rel}","templated":true}]}}