{"id":38807,"date":"2016-01-13T11:40:42","date_gmt":"2016-01-13T10:40:42","guid":{"rendered":"http:\/\/2horizontes.com\/?p=38807"},"modified":"2016-01-13T11:40:42","modified_gmt":"2016-01-13T10:40:42","slug":"la-ciencia-euforica-por-posible-deteccion-de-ondas-descubiertas-por-einstein","status":"publish","type":"post","link":"https:\/\/2horizontes.com\/?p=38807","title":{"rendered":"La ciencia, euf\u00f3rica por posible detecci\u00f3n de ondas descubiertas por Einstein"},"content":{"rendered":"<p dir=\"ltr\"><strong>EE.UU.<\/strong><\/p>\n<p dir=\"ltr\">El mundo cient\u00edfico es un hervidero de rumores desde que un cosm\u00f3logo comparti\u00f3 en su cuenta de Twitter que un equipo de f\u00edsicos detect\u00f3 las ondas gravitacionales, un elemento clave de la teor\u00eda de la relatividad general de Einstein que, de confirmarse, ser\u00eda uno de los hallazgos m\u00e1s importantes de nuestro tiempo.<\/p>\n<p dir=\"ltr\">Bast\u00f3 un mensaje publicado por el cosm\u00f3logo <b>Lawrence Krauss<\/b>, de la Universidad del estado de Arizona, para <b>desencadenar especulaciones y gran agitaci\u00f3n entre la comunidad cient\u00edfica.<\/b><\/p>\n<p dir=\"ltr\">\u00abMis \u00faltimas informaciones sobre LIGO fueron confirmadas por fuentes independientes. \u00a1Est\u00e9n atentos! \u00a1Tal vez descubrimos las ondas gravitacionales! Es emocionante\u00bb, tuite\u00f3 el cient\u00edfico. Su mensaje fue retuiteado m\u00e1s de 2.000 veces.<\/p>\n<p dir=\"ltr\"><span id=\"saysCMSEmphasis4e2261pomyrpb9\" class=\"saysCMSEmphasis\">\u00abMIS \u00daLTIMAS INFORMACIONES SOBRE LIGO FUERON CONFIRMADAS POR FUENTES INDEPENDIENTES. \u00a1EST\u00c9N ATENTOS! \u00a1TAL VEZ DESCUBRIMOS LAS ONDAS GRAVITACIONALES! ES EMOCIONANTE\u00bb<\/span><\/p>\n<p dir=\"ltr\">Hace unos meses, <b>Krauss ya hab\u00eda mencionado los rumores<\/b> seg\u00fan los cuales los cient\u00edficos del Laser Interforce Gravitational-wave Observatory (LIGO) \u2013instalado en Estados Unidos para intentar verificar una de las grandes predicciones de Einstein\u2013 estaban escribiendo un art\u00edculo sobre el descubrimiento de estas ondas.<\/p>\n<p dir=\"ltr\">En general, los hallazgos cient\u00edficos son objeto de un anuncio formal o se hacen a trav\u00e9s de la publicaci\u00f3n en una revista especializada; y por otra parte, <b>Krauss no trabaja en el proyecto LIGO.<\/b><\/p>\n<h3 id=\"titleCMSbbs82fhekrvvlsor\" class=\"tdCmsTitle2\">Qu\u00e9 son las ondas gravitacionales<\/h3>\n<p dir=\"ltr\">Seg\u00fan un art\u00edculo de<i> El Pa\u00eds,<\/i> <b>se trata de curvas espacio-tiempo generadas por los fen\u00f3menos m\u00e1s violentos del cosmos. <\/b>Al desplazarse, las ondas gravitacionales comprimen el espacio, lo cual produce una se\u00f1al muy caracter\u00edstica en el fondo c\u00f3smico de microondas,<b> una d\u00e9bil radiaci\u00f3n remanente del Big Bang.<\/b><\/p>\n<p dir=\"ltr\">Si las ondas gravitacionales efectivamente fueron detectadas, <b>esto confirmar\u00eda la \u00faltima pieza faltante en las predicciones de Albert Einstein<\/b>, quien formul\u00f3 hace un siglo su teor\u00eda de la relatividad general.<\/p>\n<p dir=\"ltr\">Se trata de <b>uno de los hallazgos m\u00e1s importantes que pueden hacerse en f\u00edsica. <\/b>Con \u00e9l, los astr\u00f3nomos, y la humanidad en general, ganar\u00edan <b>un sentido m\u00e1s para observar el cosmos gracias a estas ondas. Mientras que hasta ahora nuestra \u00fanica gu\u00eda ha sido la luz, ahora las ondas de gravedad permitir\u00edan escuchar el universo por primera vez.<\/b><\/p>\n<p dir=\"ltr\">En marzo de 2014, <b>un equipo anunci\u00f3 haber detectado por primera vez las ondas de gravedad que recorrieron el espacio justo despu\u00e9s del Big Bang<\/b>, pero esto fue luego refutado en un estudio europeo de enero de 2015.<\/p>\n<div id=\"1818377-Grande-271008081_wrap\" class=\"embed_cont type_imagen\">\n<div id=\"1818377-Grande-271008081_content\" class=\"embed_content\"><img decoding=\"async\" id=\"1818377-Grande-271008081_embed\" src=\"http:\/\/cdn01.am.infobae.com\/adjuntos\/163\/imagenes\/011\/380\/0011380698.jpg?0000-00-00-00-00-00\" alt=\"\" \/><\/div>\n<div id=\"1818377-Grande-271008081_epigrafe\" class=\"embed_epigrafe\">Albert Einstein predijo la existencia de esas ondas gravitacionales, en el marco de su Teor\u00eda General de la Relatividad<\/div>\n<div id=\"1818377-Grande-271008081_copyright\" class=\"embed_copyright\"><\/div>\n<\/div>\n<p dir=\"ltr\">Una vocera del proyecto LIGO indic\u00f3 que <b>no se prev\u00e9 hacer ning\u00fan anuncio por el momento.<\/b><\/p>\n<p dir=\"ltr\">\u00ab<b>Los instrumentos de LIGO a\u00fan est\u00e1n haciendo relevamientos y necesitamos tiempo para analizar, interpretar y discutir los resultados<\/b>, por lo que no tenemos resultados que compartir\u00bb, dijo Gabriela Gonz\u00e1lez, profesora de F\u00edsica y Astronom\u00eda de la Universidad del estado de Luisiana.<\/p>\n<p dir=\"ltr\">F. Infobae.<\/p>\n<p>&nbsp;<\/p>\n","protected":false},"excerpt":{"rendered":"<p>EE.UU. El mundo cient\u00edfico es un hervidero de rumores desde que un cosm\u00f3logo comparti\u00f3 en su cuenta de Twitter que un equipo de f\u00edsicos detect\u00f3 las ondas gravitacionales, un elemento clave de la teor\u00eda de la relatividad general de Einstein que, de confirmarse, ser\u00eda uno de los hallazgos m\u00e1s importantes de nuestro tiempo. Bast\u00f3 un [&hellip;]<\/p>\n","protected":false},"author":7,"featured_media":38808,"comment_status":"open","ping_status":"open","sticky":false,"template":"","format":"standard","meta":{"footnotes":""},"categories":[62,40],"tags":[],"class_list":["post-38807","post","type-post","status-publish","format-standard","has-post-thumbnail","hentry","category-cultura","category-internacionales"],"_links":{"self":[{"href":"https:\/\/2horizontes.com\/index.php?rest_route=\/wp\/v2\/posts\/38807","targetHints":{"allow":["GET"]}}],"collection":[{"href":"https:\/\/2horizontes.com\/index.php?rest_route=\/wp\/v2\/posts"}],"about":[{"href":"https:\/\/2horizontes.com\/index.php?rest_route=\/wp\/v2\/types\/post"}],"author":[{"embeddable":true,"href":"https:\/\/2horizontes.com\/index.php?rest_route=\/wp\/v2\/users\/7"}],"replies":[{"embeddable":true,"href":"https:\/\/2horizontes.com\/index.php?rest_route=%2Fwp%2Fv2%2Fcomments&post=38807"}],"version-history":[{"count":1,"href":"https:\/\/2horizontes.com\/index.php?rest_route=\/wp\/v2\/posts\/38807\/revisions"}],"predecessor-version":[{"id":38809,"href":"https:\/\/2horizontes.com\/index.php?rest_route=\/wp\/v2\/posts\/38807\/revisions\/38809"}],"wp:featuredmedia":[{"embeddable":true,"href":"https:\/\/2horizontes.com\/index.php?rest_route=\/wp\/v2\/media\/38808"}],"wp:attachment":[{"href":"https:\/\/2horizontes.com\/index.php?rest_route=%2Fwp%2Fv2%2Fmedia&parent=38807"}],"wp:term":[{"taxonomy":"category","embeddable":true,"href":"https:\/\/2horizontes.com\/index.php?rest_route=%2Fwp%2Fv2%2Fcategories&post=38807"},{"taxonomy":"post_tag","embeddable":true,"href":"https:\/\/2horizontes.com\/index.php?rest_route=%2Fwp%2Fv2%2Ftags&post=38807"}],"curies":[{"name":"wp","href":"https:\/\/api.w.org\/{rel}","templated":true}]}}